{"id":15799,"date":"2017-06-22T14:10:10","date_gmt":"2017-06-22T12:10:10","guid":{"rendered":"http:\/\/www.gruppopdregionetoscana.it\/web\/?p=15799"},"modified":"2017-06-22T14:10:10","modified_gmt":"2017-06-22T12:10:10","slug":"volterra-teatro-pieroni-pd-dispiaciuto-per-la-decisione-di-punzo-comune-insensibile-alla-cultura-di-qualita","status":"publish","type":"post","link":"https:\/\/www.gruppopdregionetoscana.it\/web\/volterra-teatro-pieroni-pd-dispiaciuto-per-la-decisione-di-punzo-comune-insensibile-alla-cultura-di-qualita\/","title":{"rendered":"Volterra Teatro, Pieroni (PD): \u201cDispiaciuto per la decisione di Punzo, Comune insensibile alla cultura di qualit\u00e0\u201d"},"content":{"rendered":"<p>\u00c8 delle ultime ore la notizia dell\u2019addio di Armando Punzo al festival VolterraTeatro: dopo venti anni la Compagnia della Fortezza non far\u00e0 pi\u00f9 parte della kermesse pur realizzando, come ogni anno, lo spettacolo all\u2019interno del carcere di Volterra.<\/p>\n<p><img loading=\"lazy\" decoding=\"async\" class=\"alignleft size-medium wp-image-15743\" src=\"http:\/\/www.gruppopdregionetoscana.it\/web\/wp-content\/uploads\/2017\/06\/pieroni-300x184.png\" alt=\"pieroni\" width=\"300\" height=\"184\" srcset=\"https:\/\/www.gruppopdregionetoscana.it\/web\/wp-content\/uploads\/2017\/06\/pieroni-300x184.png 300w, https:\/\/www.gruppopdregionetoscana.it\/web\/wp-content\/uploads\/2017\/06\/pieroni.png 570w\" sizes=\"auto, (max-width: 300px) 100vw, 300px\" \/>\u201cArmando Punzo ha svolto un lavoro di eccellenza e di qualit\u00e0 in questi anni, dando al festival e alla citt\u00e0 di Volterra prestigio e risonanza nazionale \u2013 commenta <strong>Andrea Pieroni<\/strong>, consigliere regionale \u2013; la scelta sua e dell\u2019associazione Carte Blanche di rinunciare alla direzione artistica mi amareggia molto. Ma, soprattutto, mi sconcertano i motivi che hanno portato a questa decisione: un bando di selezione inadeguato e pubblicato decisamente in ritardo, per il quale l\u2019amministrazione comunale si giustifica incolpando la pesante mole di lavoro degli uffici. Giustificazioni sinceramente misere, se davvero si crede e si vuole investire negli eventi culturali estivi quali fattori di crescita e di richiamo turistico\u201d.<\/p>\n<p>\u201cSono i fatti che contano e questi ci dicono che \u00e8 sicuramente insufficiente l\u2019attenzione che il Comune pone sulla valorizzazione di prodotti culturali di qualit\u00e0, che nel tempo si sono consolidati e hanno dato alla citt\u00e0 respiro internazionale \u2013 prosegue Pieroni \u2013. Cos\u00ec come \u00e8 evidente l\u2019incapacit\u00e0 di programmare con tempi adeguati in un territorio a vocazione turistica e culturale. L\u2019esperienza della Compagnia della Fortezza, punta avanzata dell\u2019estate volterrana anche per il profondo valore sociale che porta con se, \u00e8 sostenuta con impegno dalla Regione Toscana, quasi per niente dal Comune di Volterra. Sicuramente Carte Blanche e il lavoro di Armando Punzo non esauriscono le potenzialit\u00e0 culturali di Volterra e sono altrettanto certo che chi assumer\u00e0 la direzione artistica di VolterraTeatro sar\u00e0 capace di una proposta culturale adeguata, ma il rischio adesso \u00e8 quello di disperdere una delle esperienze pi\u00f9 qualificate e interessanti dell\u2019intero panorama nazionale\u201d.<\/p>\n","protected":false},"excerpt":{"rendered":"<p>\u00c8 delle ultime ore la notizia dell\u2019addio di Armando Punzo al festival VolterraTeatro: dopo venti anni la Compagnia della Fortezza non far\u00e0 pi\u00f9 parte della kermesse pur realizzando, come ogni anno, lo spettacolo all\u2019interno del carcere di Volterra. \u201cArmando Punzo ha svolto un lavoro di eccellenza e di qualit\u00e0 in questi anni, dando al festival [&hellip;]<\/p>\n","protected":false},"author":1,"featured_media":15800,"comment_status":"closed","ping_status":"closed","sticky":false,"template":"","format":"standard","meta":{"_jetpack_memberships_contains_paid_content":false,"footnotes":""},"categories":[970,30],"tags":[535,180,1771,534,623,1772],"class_list":{"0":"post-15799","1":"post","2":"type-post","3":"status-publish","4":"format-standard","5":"has-post-thumbnail","7":"category-andrea-pieroni","8":"category-comunicati-stampa","9":"tag-cultura","10":"tag-pisa","11":"tag-spettacolo","12":"tag-teatro","13":"tag-volterra","14":"tag-volterrateatro","15":"czr-hentry"},"jetpack_featured_media_url":"https:\/\/www.gruppopdregionetoscana.it\/web\/wp-content\/uploads\/2017\/06\/armando-e-la-coppa.jpg","jetpack_sharing_enabled":true,"_links":{"self":[{"href":"https:\/\/www.gruppopdregionetoscana.it\/web\/wp-json\/wp\/v2\/posts\/15799","targetHints":{"allow":["GET"]}}],"collection":[{"href":"https:\/\/www.gruppopdregionetoscana.it\/web\/wp-json\/wp\/v2\/posts"}],"about":[{"href":"https:\/\/www.gruppopdregionetoscana.it\/web\/wp-json\/wp\/v2\/types\/post"}],"author":[{"embeddable":true,"href":"https:\/\/www.gruppopdregionetoscana.it\/web\/wp-json\/wp\/v2\/users\/1"}],"replies":[{"embeddable":true,"href":"https:\/\/www.gruppopdregionetoscana.it\/web\/wp-json\/wp\/v2\/comments?post=15799"}],"version-history":[{"count":0,"href":"https:\/\/www.gruppopdregionetoscana.it\/web\/wp-json\/wp\/v2\/posts\/15799\/revisions"}],"wp:featuredmedia":[{"embeddable":true,"href":"https:\/\/www.gruppopdregionetoscana.it\/web\/wp-json\/wp\/v2\/media\/15800"}],"wp:attachment":[{"href":"https:\/\/www.gruppopdregionetoscana.it\/web\/wp-json\/wp\/v2\/media?parent=15799"}],"wp:term":[{"taxonomy":"category","embeddable":true,"href":"https:\/\/www.gruppopdregionetoscana.it\/web\/wp-json\/wp\/v2\/categories?post=15799"},{"taxonomy":"post_tag","embeddable":true,"href":"https:\/\/www.gruppopdregionetoscana.it\/web\/wp-json\/wp\/v2\/tags?post=15799"}],"curies":[{"name":"wp","href":"https:\/\/api.w.org\/{rel}","templated":true}]}}