{"id":15843,"date":"2017-06-29T14:48:24","date_gmt":"2017-06-29T12:48:24","guid":{"rendered":"http:\/\/www.gruppopdregionetoscana.it\/web\/?p=15843"},"modified":"2017-06-29T14:48:24","modified_gmt":"2017-06-29T12:48:24","slug":"distretti-tecnologici-modificare-gli-indicatori-di-performance-per-laccesso-ai-finanziamenti-2","status":"publish","type":"post","link":"https:\/\/www.gruppopdregionetoscana.it\/web\/distretti-tecnologici-modificare-gli-indicatori-di-performance-per-laccesso-ai-finanziamenti-2\/","title":{"rendered":"Distretti tecnologici, \u201cModificare gli indicatori di performance per l\u2019accesso ai finanziamenti\u201d"},"content":{"rendered":"<p><strong>Il Consiglio regionale approva una mozione proposta da Massimo Baldi in cui si avverte la giunta regionale di possibili rischi di penalizzazione per il distretto ferroviario<\/strong><\/p>\n<p><img loading=\"lazy\" decoding=\"async\" class=\"alignleft  wp-image-12559\" src=\"http:\/\/www.gruppopdregionetoscana.it\/web\/wp-content\/uploads\/2016\/03\/baldi-300x232.jpg\" alt=\"baldi\" width=\"416\" height=\"322\" srcset=\"https:\/\/www.gruppopdregionetoscana.it\/web\/wp-content\/uploads\/2016\/03\/baldi-300x232.jpg 300w, https:\/\/www.gruppopdregionetoscana.it\/web\/wp-content\/uploads\/2016\/03\/baldi.jpg 496w\" sizes=\"auto, (max-width: 416px) 100vw, 416px\" \/>\u201cValutare, per i futuri bandi regionali, una modifica alle modalit\u00e0 di computo degli indicatori di performance, tenendo in considerazione le specificit\u00e0 di taluni distretti a carattere contenuto e specifico, valutando in particolar modo la possibilit\u00e0 di prevedere che anche le attivit\u00e0 di intermediazione per la stipula di accordi o prestazione di servizi qualificati, sostenute dal gestore del distretto e rivolte alle imprese facenti parte del soggetto gestore stesso, possano essere rilevanti ai fini del raggiungimento degli indici di performance richiesti\u201d. E\u2019 questo l\u2019impegno richiesto alla giunta toscana attraverso una mozione approvata ieri dal Consiglio regionale, presentata dal consigliere regionale del Pd\u00a0<strong>Massimo Baldi<\/strong>\u00a0e sottoscritta anche da altri consiglieri Pd, tra i quali\u00a0<strong>Marco Niccolai<\/strong>.<\/p>\n<p>\u00abSi tratta \u2013 spiega Baldi &#8211; di una questione apparentemente complessa ma molto rilevante per i distretti tecnologici, in particolare per quello ferroviario che vede il suo fulcro a Pistoia. L\u2019assegnazione delle risorse e i relativi bandi, oggi sono influenzati da un\u2019interpretazione dei tecnici della Regione che appare penalizzante e cio\u00e8 che \u201cgli accordi ed i servizi prestati ad imprese partecipanti alla aggregazione che gestisce il distretto non potranno essere computati al fine del raggiungimento del target degli indicatori di risultato\u201d.\u00a0 Ci\u00f2 significa che le attivit\u00e0 svolte dal gestore del Distretto che riguardassero le imprese facenti parte dello stesso gestore non sono \u2018rilevanti\u2019 ai fini del raggiungimento degli indicatori di performance, cosa che rischia di risultare penalizzante per alcuni settori particolarmente specifici, quale ad esempio il Distretto tecnologico ferroviario, in cui i numeri delle aziende del Distretto e del comparto in generale sono contenuti e in cui ogni attivit\u00e0 che implica il cliente finale o che sia vicina al mercato risulta rilevante. Inoltre, tale\u00a0 previsione potrebbe inoltre influire negativamente sulle scelte e sulle strategie delle societ\u00e0 operanti nel settore di riferimento a cui il soggetto gestore destini la propria attivit\u00e0 di intermediazione.<\/p>\n<p>Rimango convinto che l\u2019innovazione sia un elemento strategico nelle politiche della crescita e costituisce il principale volano per potenziare la competitivit\u00e0 delle imprese, per questo il finanziamento pubblico ai distretti tecnologici risulta di fondamentale importanza per lo sviluppo di specifici settori e come tale deve contenere dei requisiti di partecipazione che ne favoriscano la massima adesione. Insomma \u2013 conclude Massimo Baldi &#8211; credo ci sia bisogno di intervenire per sanare quella che appare come una contraddizione, anche alle cose che abbiamo affermato, proprio grazie a un emendamento del sottoscritto insieme al collega Niccolai, nel Programma regionale di sviluppo recentemente approvato, proprio in tema di consolidamento dei distretti teconologici\u00bb.<\/p>\n","protected":false},"excerpt":{"rendered":"<p>Il Consiglio regionale approva una mozione proposta da Massimo Baldi in cui si avverte la giunta regionale di possibili rischi di penalizzazione per il distretto ferroviario \u201cValutare, per i futuri bandi regionali, una modifica alle modalit\u00e0 di computo degli indicatori di performance, tenendo in considerazione le specificit\u00e0 di taluni distretti a carattere contenuto e specifico, [&hellip;]<\/p>\n","protected":false},"author":1,"featured_media":15844,"comment_status":"closed","ping_status":"closed","sticky":false,"template":"","format":"standard","meta":{"_jetpack_memberships_contains_paid_content":false,"footnotes":""},"categories":[30,969,959],"tags":[],"class_list":{"0":"post-15843","1":"post","2":"type-post","3":"status-publish","4":"format-standard","5":"has-post-thumbnail","7":"category-comunicati-stampa","8":"category-marco-niccolai","9":"category-massimo-baldi","10":"czr-hentry"},"jetpack_featured_media_url":"https:\/\/www.gruppopdregionetoscana.it\/web\/wp-content\/uploads\/2017\/06\/distrettoferroviario.jpg","jetpack_sharing_enabled":true,"_links":{"self":[{"href":"https:\/\/www.gruppopdregionetoscana.it\/web\/wp-json\/wp\/v2\/posts\/15843","targetHints":{"allow":["GET"]}}],"collection":[{"href":"https:\/\/www.gruppopdregionetoscana.it\/web\/wp-json\/wp\/v2\/posts"}],"about":[{"href":"https:\/\/www.gruppopdregionetoscana.it\/web\/wp-json\/wp\/v2\/types\/post"}],"author":[{"embeddable":true,"href":"https:\/\/www.gruppopdregionetoscana.it\/web\/wp-json\/wp\/v2\/users\/1"}],"replies":[{"embeddable":true,"href":"https:\/\/www.gruppopdregionetoscana.it\/web\/wp-json\/wp\/v2\/comments?post=15843"}],"version-history":[{"count":0,"href":"https:\/\/www.gruppopdregionetoscana.it\/web\/wp-json\/wp\/v2\/posts\/15843\/revisions"}],"wp:featuredmedia":[{"embeddable":true,"href":"https:\/\/www.gruppopdregionetoscana.it\/web\/wp-json\/wp\/v2\/media\/15844"}],"wp:attachment":[{"href":"https:\/\/www.gruppopdregionetoscana.it\/web\/wp-json\/wp\/v2\/media?parent=15843"}],"wp:term":[{"taxonomy":"category","embeddable":true,"href":"https:\/\/www.gruppopdregionetoscana.it\/web\/wp-json\/wp\/v2\/categories?post=15843"},{"taxonomy":"post_tag","embeddable":true,"href":"https:\/\/www.gruppopdregionetoscana.it\/web\/wp-json\/wp\/v2\/tags?post=15843"}],"curies":[{"name":"wp","href":"https:\/\/api.w.org\/{rel}","templated":true}]}}