{"id":15847,"date":"2017-06-29T15:06:12","date_gmt":"2017-06-29T13:06:12","guid":{"rendered":"http:\/\/www.gruppopdregionetoscana.it\/web\/?p=15847"},"modified":"2017-06-29T15:06:12","modified_gmt":"2017-06-29T13:06:12","slug":"turchia-ok-a-mozione-di-baccelli-pd-massimo-impegno-anche-dalla-toscana-per-rispetto-liberta-e-diritti-umani","status":"publish","type":"post","link":"https:\/\/www.gruppopdregionetoscana.it\/web\/turchia-ok-a-mozione-di-baccelli-pd-massimo-impegno-anche-dalla-toscana-per-rispetto-liberta-e-diritti-umani\/","title":{"rendered":"Turchia, ok a mozione di Baccelli (Pd): \u201cMassimo impegno anche dalla Toscana per rispetto libert\u00e0 e diritti umani\u201d"},"content":{"rendered":"<p><strong><img loading=\"lazy\" decoding=\"async\" class=\"size-medium wp-image-15523 alignleft\" src=\"http:\/\/www.gruppopdregionetoscana.it\/web\/wp-content\/uploads\/2017\/04\/gabriele-del-grande2-300x169.jpg\" alt=\"gabriele del grande2\" width=\"300\" height=\"169\" srcset=\"https:\/\/www.gruppopdregionetoscana.it\/web\/wp-content\/uploads\/2017\/04\/gabriele-del-grande2-300x169.jpg 300w, https:\/\/www.gruppopdregionetoscana.it\/web\/wp-content\/uploads\/2017\/04\/gabriele-del-grande2-1024x576.jpg 1024w, https:\/\/www.gruppopdregionetoscana.it\/web\/wp-content\/uploads\/2017\/04\/gabriele-del-grande2.jpg 1920w\" sizes=\"auto, (max-width: 300px) 100vw, 300px\" \/><\/strong><em>Dopo la vicenda Del Grande il consigliere regionale attiva la Regione per mettere ogni azione in campo con l\u2019auspicio che la Turchia riattivi la Convenzione europea per la salvaguardia dei diritti dell\u2019uomo e delle libert\u00e0 fondamentali<\/em><\/p>\n<p>&nbsp;<\/p>\n<p>Desta sempre pi\u00f9 preoccupazione la situazione della Turchia e le gravi limitazioni dei diritti avvenute in questo paese. Attivarsi con ogni mezzo affinch\u00e9, tramite le istituzioni europee ed internazionali, possa essere intrapresa ogni iniziativa utile con l\u2019obiettivo di\u00a0 garantire i principi di libert\u00e0 e democrazia nonch\u00e9 il pieno rispetto dei diritti umani e delle libert\u00e0 fondamentali: \u00e8 ci\u00f2 a cui impegna la Giunta regionale <strong>Stefano Baccelli<\/strong>, consigliere regionale Pd e presidente IV commissione, con la mozione titolata proprio <em>\u201c<strong>in merito al rispetto dei ditti umani e delle libert\u00e0 fondamentali nella Repubblica di Turchia\u201d<\/strong><\/em><strong>, <\/strong>approvata nell\u2019ultima seduta del Consiglio regionale toscano<strong>. <\/strong>\u201cAbbiamo toccato con mano purtroppo le gravi restrizioni alla libert\u00e0 di stampa perpetrate in Turchia, abbiamo seguito con apprensione la detenzione del nostro concittadino lucchese Gabriele Del Grande, che in quel paese stava facendo semplicemente il suo lavoro, documentare ci\u00f2 che accade, e abbiamo gioito tantissimo alla sua liberazione. \u2013 fa presente Baccelli \u2013 Ma a maggior ragione dopo questa vicenda non possiamo voltare lo sguardo da un\u2019altra parte e dimenticarci di cosa sta succedendo in questo stato, in cui, fatto intollerabile, l\u2019applicazione della Convenzione europea per la salvaguardia dei diritti dell\u2019uomo e delle libert\u00e0 fondamentali \u00e8 stata sospesa. Continue intimidazioni e vessazioni ai giornalisti ma non solo, tanti cittadini sono stati arrestati e incarcerati e si presumono anche torture e maltrattamenti, numerosi funzionari statali licenziati e ancora in attesa di un processo svolto nel rispetto delle necessarie garanzie democratiche. Sono convinto che anche la Regione Toscana debba fare la propria parte mettendo in campo ogni iniziativa utile con Governo e Parlamento per tutelare la libert\u00e0 e la democrazia in questo paese. Favorire insomma una grandissima mobilitazione con l\u2019auspicio che la Turchia proceda a riattivare la Convenzione europea per la salvaguardia dei diritti dell\u2019uomo e delle libert\u00e0 fondamentali\u201d.<\/p>\n<p>&nbsp;<\/p>\n","protected":false},"excerpt":{"rendered":"<p>Dopo la vicenda Del Grande il consigliere regionale attiva la Regione per mettere ogni azione in campo con l\u2019auspicio che la Turchia riattivi la Convenzione europea per la salvaguardia dei diritti dell\u2019uomo e delle libert\u00e0 fondamentali &nbsp; Desta sempre pi\u00f9 preoccupazione la situazione della Turchia e le gravi limitazioni dei diritti avvenute in questo paese. [&hellip;]<\/p>\n","protected":false},"author":1,"featured_media":15523,"comment_status":"closed","ping_status":"closed","sticky":false,"template":"","format":"standard","meta":{"_jetpack_memberships_contains_paid_content":false,"footnotes":""},"categories":[30,958],"tags":[],"class_list":{"0":"post-15847","1":"post","2":"type-post","3":"status-publish","4":"format-standard","5":"has-post-thumbnail","7":"category-comunicati-stampa","8":"category-stefano-baccelli","9":"czr-hentry"},"jetpack_featured_media_url":"https:\/\/www.gruppopdregionetoscana.it\/web\/wp-content\/uploads\/2017\/04\/gabriele-del-grande2.jpg","jetpack_sharing_enabled":true,"_links":{"self":[{"href":"https:\/\/www.gruppopdregionetoscana.it\/web\/wp-json\/wp\/v2\/posts\/15847","targetHints":{"allow":["GET"]}}],"collection":[{"href":"https:\/\/www.gruppopdregionetoscana.it\/web\/wp-json\/wp\/v2\/posts"}],"about":[{"href":"https:\/\/www.gruppopdregionetoscana.it\/web\/wp-json\/wp\/v2\/types\/post"}],"author":[{"embeddable":true,"href":"https:\/\/www.gruppopdregionetoscana.it\/web\/wp-json\/wp\/v2\/users\/1"}],"replies":[{"embeddable":true,"href":"https:\/\/www.gruppopdregionetoscana.it\/web\/wp-json\/wp\/v2\/comments?post=15847"}],"version-history":[{"count":0,"href":"https:\/\/www.gruppopdregionetoscana.it\/web\/wp-json\/wp\/v2\/posts\/15847\/revisions"}],"wp:featuredmedia":[{"embeddable":true,"href":"https:\/\/www.gruppopdregionetoscana.it\/web\/wp-json\/wp\/v2\/media\/15523"}],"wp:attachment":[{"href":"https:\/\/www.gruppopdregionetoscana.it\/web\/wp-json\/wp\/v2\/media?parent=15847"}],"wp:term":[{"taxonomy":"category","embeddable":true,"href":"https:\/\/www.gruppopdregionetoscana.it\/web\/wp-json\/wp\/v2\/categories?post=15847"},{"taxonomy":"post_tag","embeddable":true,"href":"https:\/\/www.gruppopdregionetoscana.it\/web\/wp-json\/wp\/v2\/tags?post=15847"}],"curies":[{"name":"wp","href":"https:\/\/api.w.org\/{rel}","templated":true}]}}