{"id":15850,"date":"2017-06-29T15:18:11","date_gmt":"2017-06-29T13:18:11","guid":{"rendered":"http:\/\/www.gruppopdregionetoscana.it\/web\/?p=15850"},"modified":"2017-06-29T15:18:11","modified_gmt":"2017-06-29T13:18:11","slug":"cani-e-gatti-sui-mezzi-pubblici-ok-della-terza-commissione-alla-legge-scaramelli-gesto-di-civilta-e-attenzione","status":"publish","type":"post","link":"https:\/\/www.gruppopdregionetoscana.it\/web\/cani-e-gatti-sui-mezzi-pubblici-ok-della-terza-commissione-alla-legge-scaramelli-gesto-di-civilta-e-attenzione\/","title":{"rendered":"Cani e gatti sui mezzi pubblici, ok della terza commissione alla legge, Scaramelli: \u201cGesto di civilt\u00e0 e attenzione &#8220;"},"content":{"rendered":"<p><span style=\"font-family: 'Georgia','serif'; font-size: 14pt;\"><span style=\"color: #000000;\">Far salire cani e gatti su tutti i mezzi di trasporto pubblico della Toscana. Il via libera della <b>commissione Sanit\u00e0 guidata da Stefano Scaramelli (Pd)<\/b><\/span><span style=\"color: #000000;\"> \u00e8 arrivato oggi all\u2019unanimit\u00e0. \u201cAbbiamo deciso di fare un gesto di civilt\u00e0\u00a0 e di rispetto- ha detto <\/span><b><span style=\"color: #000000;\">Scaramelli<\/span><\/b><span style=\"color: #000000;\">&#8211; , varando una norma su un tema molto caro alle persone, che necessitava di una regolamentazione omogenea . Grazie alla legge, ai cani e ai gatti sar\u00e0 consentito di salire sui mezzi pubblici\u00a0 con regole chiare, precise e soprattutto uniformi. I padroni dei cani infatti dovranno usare guinzaglio e museruola e avere un solo cane con se, mentre chi trasporta gatti user\u00e0 le apposite gabbiette. Con questa norma vogliamo dare la possibilit\u00e0 a chi \u00e8 proprietario di cani e gatti di utilizzare con pi\u00f9 facilit\u00e0 il mezzo pubblico senza dover pensare a dove mettere i propri animali o essere costretti ad usare l\u2019auto. Attualmente in Toscana c\u2019\u00e8 discrezione che dipende dalla sensibilit\u00e0 dell\u2019autista o da regolamenti\u00a0 delle singole aziende. La norma varata oggi in commissione \u2013 conclude il <\/span><b><span style=\"color: #000000;\">presidente Scaramelli<\/span><\/b><span style=\"color: #000000;\">&#8211; \u00a0\u00e8 uniforme, ben regolata\u00a0 e definisce diritti\u00a0 e responsabilit\u00e0. Presto l\u2019atto passer\u00e0 al vaglio del Consiglio regionale per l\u2019approvazione definitiva\u201d<\/span><\/span><\/p>\n<p>&nbsp;<\/p>\n","protected":false},"excerpt":{"rendered":"<p>Far salire cani e gatti su tutti i mezzi di trasporto pubblico della Toscana. Il via libera della commissione Sanit\u00e0 guidata da Stefano Scaramelli (Pd) \u00e8 arrivato oggi all\u2019unanimit\u00e0. \u201cAbbiamo deciso di fare un gesto di civilt\u00e0\u00a0 e di rispetto- ha detto Scaramelli&#8211; , varando una norma su un tema molto caro alle persone, che [&hellip;]<\/p>\n","protected":false},"author":1,"featured_media":15851,"comment_status":"closed","ping_status":"closed","sticky":false,"template":"","format":"standard","meta":{"_jetpack_memberships_contains_paid_content":false,"footnotes":""},"categories":[30,971],"tags":[1776,1777],"class_list":{"0":"post-15850","1":"post","2":"type-post","3":"status-publish","4":"format-standard","5":"has-post-thumbnail","7":"category-comunicati-stampa","8":"category-stefano-scaramelli","9":"tag-cani","10":"tag-gatti","11":"czr-hentry"},"jetpack_featured_media_url":"https:\/\/www.gruppopdregionetoscana.it\/web\/wp-content\/uploads\/2017\/06\/gatto_e_cane.jpg","jetpack_sharing_enabled":true,"_links":{"self":[{"href":"https:\/\/www.gruppopdregionetoscana.it\/web\/wp-json\/wp\/v2\/posts\/15850","targetHints":{"allow":["GET"]}}],"collection":[{"href":"https:\/\/www.gruppopdregionetoscana.it\/web\/wp-json\/wp\/v2\/posts"}],"about":[{"href":"https:\/\/www.gruppopdregionetoscana.it\/web\/wp-json\/wp\/v2\/types\/post"}],"author":[{"embeddable":true,"href":"https:\/\/www.gruppopdregionetoscana.it\/web\/wp-json\/wp\/v2\/users\/1"}],"replies":[{"embeddable":true,"href":"https:\/\/www.gruppopdregionetoscana.it\/web\/wp-json\/wp\/v2\/comments?post=15850"}],"version-history":[{"count":0,"href":"https:\/\/www.gruppopdregionetoscana.it\/web\/wp-json\/wp\/v2\/posts\/15850\/revisions"}],"wp:featuredmedia":[{"embeddable":true,"href":"https:\/\/www.gruppopdregionetoscana.it\/web\/wp-json\/wp\/v2\/media\/15851"}],"wp:attachment":[{"href":"https:\/\/www.gruppopdregionetoscana.it\/web\/wp-json\/wp\/v2\/media?parent=15850"}],"wp:term":[{"taxonomy":"category","embeddable":true,"href":"https:\/\/www.gruppopdregionetoscana.it\/web\/wp-json\/wp\/v2\/categories?post=15850"},{"taxonomy":"post_tag","embeddable":true,"href":"https:\/\/www.gruppopdregionetoscana.it\/web\/wp-json\/wp\/v2\/tags?post=15850"}],"curies":[{"name":"wp","href":"https:\/\/api.w.org\/{rel}","templated":true}]}}