{"id":15853,"date":"2017-06-29T16:48:50","date_gmt":"2017-06-29T14:48:50","guid":{"rendered":"http:\/\/www.gruppopdregionetoscana.it\/web\/?p=15853"},"modified":"2017-06-29T16:48:50","modified_gmt":"2017-06-29T14:48:50","slug":"teatro-del-silenzio-approvata-mozione-in-consiglio-regionale","status":"publish","type":"post","link":"https:\/\/www.gruppopdregionetoscana.it\/web\/teatro-del-silenzio-approvata-mozione-in-consiglio-regionale\/","title":{"rendered":"Teatro del Silenzio, approvata mozione in Consiglio regionale"},"content":{"rendered":"<h2>Proposta dai consiglieri Pd Alessandra Nardini, Antonio Mazzeo e Andrea Pieroni impegna la giunta toscana a valorizzare l\u2019esperienza di Lajatico<\/h2>\n<p><img loading=\"lazy\" decoding=\"async\" class=\"alignleft size-medium wp-image-12995\" src=\"http:\/\/www.gruppopdregionetoscana.it\/web\/wp-content\/uploads\/2016\/05\/nardini-300x169.png\" alt=\"nardini\" width=\"300\" height=\"169\" srcset=\"https:\/\/www.gruppopdregionetoscana.it\/web\/wp-content\/uploads\/2016\/05\/nardini-300x169.png 300w, https:\/\/www.gruppopdregionetoscana.it\/web\/wp-content\/uploads\/2016\/05\/nardini-1024x576.png 1024w, https:\/\/www.gruppopdregionetoscana.it\/web\/wp-content\/uploads\/2016\/05\/nardini.png 1300w\" sizes=\"auto, (max-width: 300px) 100vw, 300px\" \/>La Giunta regionale dovr\u00e0 prevedere, anche mediante opportune sinergie con Fondazione Toscana Spettacolo onlus e con Toscana Promozione Turistica, azioni finalizzate all\u2019 organizzazione e alla valorizzazione di eventi da svolgersi nel Teatro del Silenzio con lo scopo di proporre un\u2019offerta culturale fruibile durante l\u2019intero arco dell\u2019anno, anche al fine di promuovere il territorio toscano, con particolare riferimento ad un&#8217;offerta turistica integrata relativa al territorio della provincia di Pisa. Inoltre, di concerto con gli enti territoriali competenti, dovr\u00e0 valutare la possibilit\u00e0 di attivare investimenti che rendano pi\u00f9 sicuro e fruibile lo spazio del Teatro del Silenzio, anche attraverso l\u2019apposizione di strutture mobili idonee ad ampliarne la funzionalit\u00e0. Questo, in sintesi, l\u2019obiettivo di una mozione, proposta dai consiglieri regionali del Pd <strong>Alessandra Nardini<\/strong>, Antonio Mazzeo e Andrea Pieroni, che \u00e8 stata approvata ieri dal Consiglio regionale.<br \/>\n\u00abIl \u201cTeatro del Silenzio\u201d \u2013 ha ricordato <strong>Nardini<\/strong> presentando la mozione in aula \u2013 \u00e8 un anfiteatro naturale, situato nelle campagne di Lajatico, inaugurato nel 2006, pensato e creato per ospitare una sola rappresentazione l\u2019anno, dopo di che le strutture allestite lasciano spazio allo scenario naturale di quella che \u00e8 una meravigliosa terrazza affacciata su un angolo di Toscana. Nel corso degli anni abbiamo assistito a un sensibile incremento di pubblico, cresciuto da 3mila spettatori nel 2006 ad oltre 10mila nel 2016, provenienti da ogni parte del mondo. Tutto ci\u00f2 \u00e8 dovuto alla particolare caratteristica delle manifestazioni che vi si svolgono, eventi unici durante i quali si esibiscono alcuni dei nomi pi\u00f9 importanti del mondo musicale internazionale. Fra questi Andrea Bocelli, nato a Lajatico e presidente onorario dell\u2019Associazione Teatro del silenzio, che ha avuto un ruolo fondamentale nella realizzazione del teatro. Una realt\u00e0 culturale \u2013 ha proseguito Nardini \u2013 in grado di attrarre investimenti internazionali, sia per la peculiarit\u00e0 culturale che per quella turistica. Un esperienza unica nella nostra regione, che svolge un ruolo importante a livello nazionale, capace di creare un connubio tra realt\u00e0 artistiche-spettacolari e le peculiarit\u00e0 di un territorio di incomparabile bellezza. Da qui \u2013 ha concluso Nardini \u2013 nasce l\u2019esigenza di coinvolgere la Regione, perch\u00e9 il Teatro del Silenzio rappresenta una &#8220;ricchezza&#8221; per tutta la Toscana, capace di\u00a0favorire lo sviluppo dell\u2019intero territorio se riusciamo ad elaborare una strategia mirata nell\u2019ambito di una promozione coordinata all\u2019interno del territoriale regionale\u00bb.<\/p>\n","protected":false},"excerpt":{"rendered":"<p>Proposta dai consiglieri Pd Alessandra Nardini, Antonio Mazzeo e Andrea Pieroni impegna la giunta toscana a valorizzare l\u2019esperienza di Lajatico La Giunta regionale dovr\u00e0 prevedere, anche mediante opportune sinergie con Fondazione Toscana Spettacolo onlus e con Toscana Promozione Turistica, azioni finalizzate all\u2019 organizzazione e alla valorizzazione di eventi da svolgersi nel Teatro del Silenzio con [&hellip;]<\/p>\n","protected":false},"author":1,"featured_media":15854,"comment_status":"closed","ping_status":"closed","sticky":false,"template":"","format":"standard","meta":{"_jetpack_memberships_contains_paid_content":false,"footnotes":""},"categories":[968,970,966,30],"tags":[],"class_list":{"0":"post-15853","1":"post","2":"type-post","3":"status-publish","4":"format-standard","5":"has-post-thumbnail","7":"category-alessandra-nardini","8":"category-andrea-pieroni","9":"category-antonio-mazzeo","10":"category-comunicati-stampa","11":"czr-hentry"},"jetpack_featured_media_url":"https:\/\/www.gruppopdregionetoscana.it\/web\/wp-content\/uploads\/2017\/06\/teatrosilenzio.jpg","jetpack_sharing_enabled":true,"_links":{"self":[{"href":"https:\/\/www.gruppopdregionetoscana.it\/web\/wp-json\/wp\/v2\/posts\/15853","targetHints":{"allow":["GET"]}}],"collection":[{"href":"https:\/\/www.gruppopdregionetoscana.it\/web\/wp-json\/wp\/v2\/posts"}],"about":[{"href":"https:\/\/www.gruppopdregionetoscana.it\/web\/wp-json\/wp\/v2\/types\/post"}],"author":[{"embeddable":true,"href":"https:\/\/www.gruppopdregionetoscana.it\/web\/wp-json\/wp\/v2\/users\/1"}],"replies":[{"embeddable":true,"href":"https:\/\/www.gruppopdregionetoscana.it\/web\/wp-json\/wp\/v2\/comments?post=15853"}],"version-history":[{"count":0,"href":"https:\/\/www.gruppopdregionetoscana.it\/web\/wp-json\/wp\/v2\/posts\/15853\/revisions"}],"wp:featuredmedia":[{"embeddable":true,"href":"https:\/\/www.gruppopdregionetoscana.it\/web\/wp-json\/wp\/v2\/media\/15854"}],"wp:attachment":[{"href":"https:\/\/www.gruppopdregionetoscana.it\/web\/wp-json\/wp\/v2\/media?parent=15853"}],"wp:term":[{"taxonomy":"category","embeddable":true,"href":"https:\/\/www.gruppopdregionetoscana.it\/web\/wp-json\/wp\/v2\/categories?post=15853"},{"taxonomy":"post_tag","embeddable":true,"href":"https:\/\/www.gruppopdregionetoscana.it\/web\/wp-json\/wp\/v2\/tags?post=15853"}],"curies":[{"name":"wp","href":"https:\/\/api.w.org\/{rel}","templated":true}]}}