{"id":15865,"date":"2017-07-04T14:07:03","date_gmt":"2017-07-04T12:07:03","guid":{"rendered":"http:\/\/www.gruppopdregionetoscana.it\/web\/?p=15865"},"modified":"2017-07-04T14:07:03","modified_gmt":"2017-07-04T12:07:03","slug":"parco-alpi-apuane-parere-favorevole-commissione-ambiente-a-nomina-presidente-domenico-davini","status":"publish","type":"post","link":"https:\/\/www.gruppopdregionetoscana.it\/web\/parco-alpi-apuane-parere-favorevole-commissione-ambiente-a-nomina-presidente-domenico-davini\/","title":{"rendered":"Parco  Alpi Apuane, parere favorevole commissione Ambiente a nomina presidente Domenico Davini"},"content":{"rendered":"<p><em><img loading=\"lazy\" decoding=\"async\" class=\"size-medium wp-image-15866 alignleft\" src=\"http:\/\/www.gruppopdregionetoscana.it\/web\/wp-content\/uploads\/2017\/07\/parcoapuane-300x225.jpg\" alt=\"parcoapuane\" width=\"300\" height=\"225\" srcset=\"https:\/\/www.gruppopdregionetoscana.it\/web\/wp-content\/uploads\/2017\/07\/parcoapuane-300x225.jpg 300w, https:\/\/www.gruppopdregionetoscana.it\/web\/wp-content\/uploads\/2017\/07\/parcoapuane.jpg 640w\" sizes=\"auto, (max-width: 300px) 100vw, 300px\" \/>Baccelli: \u201cAmministratore capace, sapr\u00e0 gestire al meglio lavoro dell\u2019ente\u201d<\/em><\/p>\n<p>&nbsp;<\/p>\n<p>\u00c8 Domenico Davini, gi\u00e0 sindaco di Minucciano, ad aver ricevuto parere favorevole dalla commissione Ambiente del Consiglio regionale toscano per la nomina a presidente del Parco Alpi Apuane. \u201cAbbiamo espresso nella seduta odierna il nostro parere positivo sulla designazione\u00a0 effettuata\u00a0 dal Presidente Rossi all&#8217;interno di una rosa di nomi arrivati dalla comunit\u00e0 del parco. \u2013 spiega <strong>Stefano Baccelli<\/strong>, presidente commissione Ambiente e territorio \u2013 Si tratta del passaggio necessario per consentire al Presidente della Giunta di emettere il vero proprio decreto di nomina ed in parallelo al Consiglio Regionale di procedere alla designazione\u00a0 dell&#8217;intero consiglio direttivo, restituendo cos\u00ec piena rappresentativit\u00e0 agli organi dirigenti dell&#8217;Ente Parco. Abbiamo ritenuto la scelta di Davini quella pi\u00f9 idonea,\u00a0 si tratta\u00a0 di una persona con comprovata esperienza nell&#8217;amministrazione locale e che quindi sapr\u00e0 operare ed organizzare al meglio le attivit\u00e0 di gestione, tutela e promozione del Parco. Una realt\u00e0 che merita ovviamente il massimo impegno e la pi\u00f9 totale dedizione ma anche le capacit\u00e0 giuste per portare avanti un lavoro prezioso, nell&#8217;interesse del territorio e della comunit\u00e0 tutta\u201d.<\/p>\n<p>&nbsp;<\/p>\n","protected":false},"excerpt":{"rendered":"<p>Baccelli: \u201cAmministratore capace, sapr\u00e0 gestire al meglio lavoro dell\u2019ente\u201d &nbsp; \u00c8 Domenico Davini, gi\u00e0 sindaco di Minucciano, ad aver ricevuto parere favorevole dalla commissione Ambiente del Consiglio regionale toscano per la nomina a presidente del Parco Alpi Apuane. \u201cAbbiamo espresso nella seduta odierna il nostro parere positivo sulla designazione\u00a0 effettuata\u00a0 dal Presidente Rossi all&#8217;interno di [&hellip;]<\/p>\n","protected":false},"author":1,"featured_media":15866,"comment_status":"closed","ping_status":"closed","sticky":false,"template":"","format":"standard","meta":{"_jetpack_memberships_contains_paid_content":false,"footnotes":""},"categories":[30,958],"tags":[1778],"class_list":{"0":"post-15865","1":"post","2":"type-post","3":"status-publish","4":"format-standard","5":"has-post-thumbnail","7":"category-comunicati-stampa","8":"category-stefano-baccelli","9":"tag-parco-alpi-apuane","10":"czr-hentry"},"jetpack_featured_media_url":"https:\/\/www.gruppopdregionetoscana.it\/web\/wp-content\/uploads\/2017\/07\/parcoapuane.jpg","jetpack_sharing_enabled":true,"_links":{"self":[{"href":"https:\/\/www.gruppopdregionetoscana.it\/web\/wp-json\/wp\/v2\/posts\/15865","targetHints":{"allow":["GET"]}}],"collection":[{"href":"https:\/\/www.gruppopdregionetoscana.it\/web\/wp-json\/wp\/v2\/posts"}],"about":[{"href":"https:\/\/www.gruppopdregionetoscana.it\/web\/wp-json\/wp\/v2\/types\/post"}],"author":[{"embeddable":true,"href":"https:\/\/www.gruppopdregionetoscana.it\/web\/wp-json\/wp\/v2\/users\/1"}],"replies":[{"embeddable":true,"href":"https:\/\/www.gruppopdregionetoscana.it\/web\/wp-json\/wp\/v2\/comments?post=15865"}],"version-history":[{"count":0,"href":"https:\/\/www.gruppopdregionetoscana.it\/web\/wp-json\/wp\/v2\/posts\/15865\/revisions"}],"wp:featuredmedia":[{"embeddable":true,"href":"https:\/\/www.gruppopdregionetoscana.it\/web\/wp-json\/wp\/v2\/media\/15866"}],"wp:attachment":[{"href":"https:\/\/www.gruppopdregionetoscana.it\/web\/wp-json\/wp\/v2\/media?parent=15865"}],"wp:term":[{"taxonomy":"category","embeddable":true,"href":"https:\/\/www.gruppopdregionetoscana.it\/web\/wp-json\/wp\/v2\/categories?post=15865"},{"taxonomy":"post_tag","embeddable":true,"href":"https:\/\/www.gruppopdregionetoscana.it\/web\/wp-json\/wp\/v2\/tags?post=15865"}],"curies":[{"name":"wp","href":"https:\/\/api.w.org\/{rel}","templated":true}]}}