{"id":15868,"date":"2017-07-04T14:56:41","date_gmt":"2017-07-04T12:56:41","guid":{"rendered":"http:\/\/www.gruppopdregionetoscana.it\/web\/?p=15868"},"modified":"2017-07-04T14:56:41","modified_gmt":"2017-07-04T12:56:41","slug":"distretto-turistico-etruria-meridionale-scaramelli-marras-de-robertis-bezzini-e-vadi-occasione-straordinaria-per-dare-piu-forza-alla-progettualita-culturale-e-turistica-dei-territori","status":"publish","type":"post","link":"https:\/\/www.gruppopdregionetoscana.it\/web\/distretto-turistico-etruria-meridionale-scaramelli-marras-de-robertis-bezzini-e-vadi-occasione-straordinaria-per-dare-piu-forza-alla-progettualita-culturale-e-turistica-dei-territori\/","title":{"rendered":"Distretto Turistico Etruria Meridionale, Scaramelli, Marras, De Robertis, Bezzini e Vadi: \u201cOccasione straordinaria per dare pi\u00f9 forza alla progettualit\u00e0 culturale e turistica dei territori\u201d"},"content":{"rendered":"<p><span style=\"font-family: Calibri;\"><span style=\"color: #000000;\">&#8220;Con l\u2019individuazione dei Comuni che ne faranno parte, il Distretto Turistico Etruria meridionale diventa realt\u00e0, rappresentando una straordinaria occasione di crescita per ogni singola realt\u00e0 locale che cos\u00ec sar\u00e0 pi\u00f9 forte\u00a0 e in grado di dare corpo a progetti pi\u00f9 ampi e importanti dal punto di vista turistico e culturale\u201d. Cos\u00ec i <b>consiglieri regionali del Pd Stefano Scaramelli, Leonardo Marras, Lucia De Robertis, Simone Bezzini e Valentina Vadi<\/b><\/span><span style=\"color: #000000;\"> commentano soddisfatti la realizzazione del Distretto che comprende i primi 29 comuni suddivisi fra la Provincie di Arezzo, Grosseto e Siena. I Comuni sono stati indicati con una delibera presentata dall\u2019assessore Ciuoffo\u00a0 e approvata nell\u2019ultima seduta della Giunta regionale. \u201cL\u2019unione fa la forza<\/span>&#8211; <span style=\"color: #000000;\">hanno detto <\/span><span style=\"color: #000000;\"><b>i consiglieri del Partito democratico<\/b><\/span> <span style=\"color: #000000;\">\u00a0rappresentanti dei vari territori-\u00a0 e il Distretto appena nato pu\u00f2 fare da volano per il rilancio\u00a0 culturale\u00a0 e turistico dei vari territori coinvolti. Da parte nostra sar\u00e0 importante ribadire, nei nostri piani regionali di sviluppo, azioni economiche\u00a0 a sostegno dell\u2019iniziativa e ad integrazione delle opportunit\u00e0 che arriveranno dal Governo. La realizzazione del Distretto risponde alla necessit\u00e0 di rilanciare e sostenere le zone di confine e del sud della Toscana. La nuova progettualit\u00e0 che ne scaturir\u00e0 sar\u00e0 in grado di creare nuove opportunit\u00e0 di sviluppo e di lavoro, dando identit\u00e0 ad un territorio che seppe essere grande in epoca etrusca e che in questa storia pu\u00f2 trovare le ragioni e le radici del futuro. Questo risultato si affianca all\u2019inserimento di tutta l\u2019area dell\u2019Etruria centrale nel Prs<\/span>.<span style=\"color: #000000;\">Un grande risultato<\/span>\u201d, <b><span style=\"color: #000000;\">concludono Scaramelli, De Robertis, Marras, Bezzini e Vadi <\/span><\/b><\/span><\/p>\n<p>&nbsp;<\/p>\n","protected":false},"excerpt":{"rendered":"<p>&#8220;Con l\u2019individuazione dei Comuni che ne faranno parte, il Distretto Turistico Etruria meridionale diventa realt\u00e0, rappresentando una straordinaria occasione di crescita per ogni singola realt\u00e0 locale che cos\u00ec sar\u00e0 pi\u00f9 forte\u00a0 e in grado di dare corpo a progetti pi\u00f9 ampi e importanti dal punto di vista turistico e culturale\u201d. Cos\u00ec i consiglieri regionali del [&hellip;]<\/p>\n","protected":false},"author":1,"featured_media":15869,"comment_status":"closed","ping_status":"closed","sticky":false,"template":"","format":"standard","meta":{"_jetpack_memberships_contains_paid_content":false,"footnotes":""},"categories":[30,954,633,956,971,974],"tags":[1779,147],"class_list":{"0":"post-15868","1":"post","2":"type-post","3":"status-publish","4":"format-standard","5":"has-post-thumbnail","7":"category-comunicati-stampa","8":"category-leonardo-marras","9":"category-notizie-lucia-de-robertis","10":"category-simone-bezzini","11":"category-stefano-scaramelli","12":"category-valentina-vadi","13":"tag-distretto-etruria","14":"tag-turismo","15":"czr-hentry"},"jetpack_featured_media_url":"https:\/\/www.gruppopdregionetoscana.it\/web\/wp-content\/uploads\/2017\/07\/etruria-distrettoturistico.jpg","jetpack_sharing_enabled":true,"_links":{"self":[{"href":"https:\/\/www.gruppopdregionetoscana.it\/web\/wp-json\/wp\/v2\/posts\/15868","targetHints":{"allow":["GET"]}}],"collection":[{"href":"https:\/\/www.gruppopdregionetoscana.it\/web\/wp-json\/wp\/v2\/posts"}],"about":[{"href":"https:\/\/www.gruppopdregionetoscana.it\/web\/wp-json\/wp\/v2\/types\/post"}],"author":[{"embeddable":true,"href":"https:\/\/www.gruppopdregionetoscana.it\/web\/wp-json\/wp\/v2\/users\/1"}],"replies":[{"embeddable":true,"href":"https:\/\/www.gruppopdregionetoscana.it\/web\/wp-json\/wp\/v2\/comments?post=15868"}],"version-history":[{"count":0,"href":"https:\/\/www.gruppopdregionetoscana.it\/web\/wp-json\/wp\/v2\/posts\/15868\/revisions"}],"wp:featuredmedia":[{"embeddable":true,"href":"https:\/\/www.gruppopdregionetoscana.it\/web\/wp-json\/wp\/v2\/media\/15869"}],"wp:attachment":[{"href":"https:\/\/www.gruppopdregionetoscana.it\/web\/wp-json\/wp\/v2\/media?parent=15868"}],"wp:term":[{"taxonomy":"category","embeddable":true,"href":"https:\/\/www.gruppopdregionetoscana.it\/web\/wp-json\/wp\/v2\/categories?post=15868"},{"taxonomy":"post_tag","embeddable":true,"href":"https:\/\/www.gruppopdregionetoscana.it\/web\/wp-json\/wp\/v2\/tags?post=15868"}],"curies":[{"name":"wp","href":"https:\/\/api.w.org\/{rel}","templated":true}]}}