{"id":15875,"date":"2017-07-07T14:36:58","date_gmt":"2017-07-07T12:36:58","guid":{"rendered":"http:\/\/www.gruppopdregionetoscana.it\/web\/?p=15875"},"modified":"2017-07-07T14:36:58","modified_gmt":"2017-07-07T12:36:58","slug":"difensori-civici-giacomo-bugliani-illustra-la-riforma-toscana-al-convegno-nazionale-di-bologna","status":"publish","type":"post","link":"https:\/\/www.gruppopdregionetoscana.it\/web\/difensori-civici-giacomo-bugliani-illustra-la-riforma-toscana-al-convegno-nazionale-di-bologna\/","title":{"rendered":"Difensori Civici, Giacomo Bugliani illustra la riforma toscana al convegno nazionale di Bologna"},"content":{"rendered":"<p><strong>\u201cLa nostra sar\u00e0 esperienza pilota per tutti\u201d, ha detto il presidente della commissione Affari istituzionali del CRT<\/strong><\/p>\n<p>&nbsp;<\/p>\n<p><img loading=\"lazy\" decoding=\"async\" class=\" wp-image-15876 alignleft\" src=\"http:\/\/www.gruppopdregionetoscana.it\/web\/wp-content\/uploads\/2017\/07\/convegnodifensoricivici-300x168.jpg\" alt=\"convegnodifensoricivici\" width=\"568\" height=\"318\" srcset=\"https:\/\/www.gruppopdregionetoscana.it\/web\/wp-content\/uploads\/2017\/07\/convegnodifensoricivici-300x168.jpg 300w, https:\/\/www.gruppopdregionetoscana.it\/web\/wp-content\/uploads\/2017\/07\/convegnodifensoricivici.jpg 867w\" sizes=\"auto, (max-width: 568px) 100vw, 568px\" \/>\u00abE\u2019 stata un\u2019occasione importante e di alto livello che ha visto a confronto istituzioni politiche, giuristi e garanti provenienti da diverse Regioni italiane. La Toscana, dall\u2019inizio di questa legislatura, sta portando avanti un\u2019opera di cambiamento istituzionale decisamente considerevole, sia mediante il riordino delle funzioni, passate dalle Province alla stessa Regione, sia attraverso la revisione degli organi di garanzia. A Bologna, presso il Consiglio regionale dell&#8217;Emilia Romagna, ho avuto l\u2019opportunit\u00e0 di illustrare la riforma in atto e di mettere in luce l\u2019indirizzo assunto dal Consiglio regionale circa il nuovo assetto che nascer\u00e0 con la figura del Difensore Civico Regionale e Garante dei diritti della persona. Non solo ci sar\u00e0 una decisa riduzione dei costi, ma verr\u00e0 attuato, da una parte, un nuovo e pi\u00f9 stringente collegamento tra la tutela civica e le pi\u00f9 specifiche funzioni di presidio dell\u2019infanzia e dell\u2019adolescenza e, dall\u2019altra, la tutela delle persone sottoposte a misure restrittive della libert\u00e0 personale. Il nuovo Difensore Civico della Toscana, inoltre, avr\u00e0 anche le funzioni di Garante della Salute, cos\u00ec come \u00e8 stato delineato dal legislatore nazionale. Un nuovo e pi\u00f9 funzionale assetto che, sono convinto, rappresenter\u00e0 un deciso passo in avanti per la tutela di tutti i cittanini e che far\u00e0 della Toscana una Regione pilota nel panorama italiano\u00bb.<\/p>\n<p>Lo ha detto <strong>Giacomo Bugliani<\/strong>, presidente della commissione Affari istituzionali del Consiglio regionale della Toscana, rappresentando la Toscana al convegno della Regione Emilia Romagna su \u2018Regioni e diritti fondamentali: il ruolo degli organi di garanzia nella protezione delle libert\u00e0 individuali\u2019, che si \u00e8 svolto a Bologna ieri, 6 luglio 2017.<\/p>\n","protected":false},"excerpt":{"rendered":"<p>\u201cLa nostra sar\u00e0 esperienza pilota per tutti\u201d, ha detto il presidente della commissione Affari istituzionali del CRT &nbsp; \u00abE\u2019 stata un\u2019occasione importante e di alto livello che ha visto a confronto istituzioni politiche, giuristi e garanti provenienti da diverse Regioni italiane. La Toscana, dall\u2019inizio di questa legislatura, sta portando avanti un\u2019opera di cambiamento istituzionale decisamente [&hellip;]<\/p>\n","protected":false},"author":1,"featured_media":13440,"comment_status":"closed","ping_status":"closed","sticky":false,"template":"","format":"standard","meta":{"_jetpack_memberships_contains_paid_content":false,"footnotes":""},"categories":[30,961],"tags":[],"class_list":{"0":"post-15875","1":"post","2":"type-post","3":"status-publish","4":"format-standard","5":"has-post-thumbnail","7":"category-comunicati-stampa","8":"category-giacomo-bugliani","9":"czr-hentry"},"jetpack_featured_media_url":"https:\/\/www.gruppopdregionetoscana.it\/web\/wp-content\/uploads\/2016\/07\/Giacomo3.jpg","jetpack_sharing_enabled":true,"_links":{"self":[{"href":"https:\/\/www.gruppopdregionetoscana.it\/web\/wp-json\/wp\/v2\/posts\/15875","targetHints":{"allow":["GET"]}}],"collection":[{"href":"https:\/\/www.gruppopdregionetoscana.it\/web\/wp-json\/wp\/v2\/posts"}],"about":[{"href":"https:\/\/www.gruppopdregionetoscana.it\/web\/wp-json\/wp\/v2\/types\/post"}],"author":[{"embeddable":true,"href":"https:\/\/www.gruppopdregionetoscana.it\/web\/wp-json\/wp\/v2\/users\/1"}],"replies":[{"embeddable":true,"href":"https:\/\/www.gruppopdregionetoscana.it\/web\/wp-json\/wp\/v2\/comments?post=15875"}],"version-history":[{"count":0,"href":"https:\/\/www.gruppopdregionetoscana.it\/web\/wp-json\/wp\/v2\/posts\/15875\/revisions"}],"wp:featuredmedia":[{"embeddable":true,"href":"https:\/\/www.gruppopdregionetoscana.it\/web\/wp-json\/wp\/v2\/media\/13440"}],"wp:attachment":[{"href":"https:\/\/www.gruppopdregionetoscana.it\/web\/wp-json\/wp\/v2\/media?parent=15875"}],"wp:term":[{"taxonomy":"category","embeddable":true,"href":"https:\/\/www.gruppopdregionetoscana.it\/web\/wp-json\/wp\/v2\/categories?post=15875"},{"taxonomy":"post_tag","embeddable":true,"href":"https:\/\/www.gruppopdregionetoscana.it\/web\/wp-json\/wp\/v2\/tags?post=15875"}],"curies":[{"name":"wp","href":"https:\/\/api.w.org\/{rel}","templated":true}]}}