{"id":15880,"date":"2017-07-07T17:47:53","date_gmt":"2017-07-07T15:47:53","guid":{"rendered":"http:\/\/www.gruppopdregionetoscana.it\/web\/?p=15880"},"modified":"2017-07-07T17:47:53","modified_gmt":"2017-07-07T15:47:53","slug":"pisa-progetti-strategici-antonio-mazzeo-a-rossi-si-alla-conferenza-di-area-vasta-lavoro-parta-dal-piano-di-sviluppo-della-costa","status":"publish","type":"post","link":"https:\/\/www.gruppopdregionetoscana.it\/web\/pisa-progetti-strategici-antonio-mazzeo-a-rossi-si-alla-conferenza-di-area-vasta-lavoro-parta-dal-piano-di-sviluppo-della-costa\/","title":{"rendered":"Pisa, Progetti Strategici, Antonio Mazzeo a Rossi: \u201cS\u00ec alla Conferenza di Area Vasta, lavoro parta dal Piano di Sviluppo della Costa\u201d"},"content":{"rendered":"<p><strong>Il presidente della commissione Costa chiede uno sforzo congiunto sulle infrastrutture e lancia la metropolitana di superficie Livorno-Pisa-Lucca<\/strong><\/p>\n<p><img loading=\"lazy\" decoding=\"async\" class=\"alignleft wp-image-15881 \" src=\"http:\/\/www.gruppopdregionetoscana.it\/web\/wp-content\/uploads\/2017\/07\/aeroportopisa-1024x709.jpg\" alt=\"aeroportopisa\" width=\"695\" height=\"481\" srcset=\"https:\/\/www.gruppopdregionetoscana.it\/web\/wp-content\/uploads\/2017\/07\/aeroportopisa-1024x709.jpg 1024w, https:\/\/www.gruppopdregionetoscana.it\/web\/wp-content\/uploads\/2017\/07\/aeroportopisa-300x208.jpg 300w\" sizes=\"auto, (max-width: 695px) 100vw, 695px\" \/>\u00abAl presidente Rossi rispondo subito volentieri: noi ci siamo e siamo pronti a lavorare da subito, come Commissione Costa, per dar vita e partecipare attivamente alla Conferenza di Area vasta che ha proposto oggi a Pisa. Del resto \u00e8 quello che proponiamo da tempo e grazie al lavoro contenuto nel Piano di Sviluppo della Costa, che abbiamo realizzato e consegnato alla giunta in allegato al PRS, non dovr\u00e0 partire da zero dato che alla base di quel documento c\u2019\u00e8 proprio la visione di una politica di area vasta costiera. Il rilancio di questo territorio e la possibilit\u00e0 di raggiungere l\u2019obiettivo che ci siamo prefissi di ridurre il gap con la Toscana centrale non pu\u00f2 che passare da questa strada. Sono contento che il presidente Rossi abbia fatto propria la nostra richiesta\u201d.<\/p>\n<p>Lo ha detto <strong>Antonio Mazzeo<\/strong>, consigliere regionale Pd, che, in qualit\u00e0 di presidente della commissione per lo sviluppo della Costa, \u00e8 intervenuto oggi al convegno sui Progetti strategici della citt\u00e0 di Pisa promosso dall\u2019amministrazione comunale.<\/p>\n<p>Mazzeo, nel corso del suo intervento, ha ricordato come il Piano realizzato dalla sua Commissione sia stato frutto di una grande campagna di ascolto sui territori, che ha visto come interlocutori i sindaci, le categorie economiche e sociali ma anche i semplici cittadini, e che proprio da questo lavoro sono emerse le priorit\u00e0 su cui lavorare. Una fra tutte, quella del completamento delle infrastrutture progettate nell\u2019area. \u201cSe vogliamo davvero che la Costa Toscana riparta \u2013 ha spiegato Mazzeo \u2013 \u00e8 l&#8217;ora di passare dalle parole ai fatti. Tutti devono fare la propria parte, senza tentennamenti. Per questo insieme al presidente Enrico Rossi metteremo in campo tutte le iniziative necessarie affinch\u00e9 il ministro Delrio prenda in mano la situazione una volta per tutte a partire da tre punti fondamentali e imprescindibili: tempi e risorse certe per il completamento della Tirrenica come strada a 4 corsie, sicura e realizzata in accordo coi territori; piena realizzazione della Piattaforma Europa nel porto di Livorno come da progetto gi\u00e0 approvato;\u00a0 velocizzazione e la modernizzazione della tratta ferroviaria che collega Firenze a Pisa e, pi\u00f9 in generale, il centro della Toscana con la Costa\u00bb.<\/p>\n<p>Sempre in tema infrastrutturale, poi, Mazzeo ha rilanciato con forza anche il progetto della metropolitana di superficie Livorno-Pisa-Lucca. \u201cAbbiamo la possibilit\u00e0 di sfruttare le infrastrutture ferroviarie esistenti per interconnettere le tre citt\u00e0 in modo veloce ed efficiente \u2013 ha spiegato \u2013 coniugando cosi da un lato lo sviluppo economico e turistico e dall\u2019altro la mobilit\u00e0 sostenibile e intermodale. Questo pu\u00f2 essere il progetto crucuale per intercettare gli oltre 35 milioni di persone che ogni anno arrivano o transitano in quell\u2019area ma solo in misura marginale, intorno al 10%, si fermano effettivamente sulla costa\u00bb.<\/p>\n<p>Un quadro nel quale, per Mazzeo, Pisa ha tutto per poter giocare un ruolo centrale. \u00abIl nostro compito \u2013 ha concluso \u2013 sar\u00e0 quelo di sviluppare maggiormente le potenzialit\u00e0 di Pisa come centro attrattore di quest\u2019area, grazie all\u2019aeroporto, all\u2019universit\u00e0, ai poli tecnologici e i centri di ricerca. Il tutto in un disegno che sia complementare e non subalterno a Firenze e che possa concretizzarsi finalmente nella realizzazione di quella &#8216;Arno Valley\u2019 a cui i sindaci Filippeschi e Nardella hanno gi\u00e0 iniziato a lavorare insieme\u00bb.<\/p>\n","protected":false},"excerpt":{"rendered":"<p>Il presidente della commissione Costa chiede uno sforzo congiunto sulle infrastrutture e lancia la metropolitana di superficie Livorno-Pisa-Lucca \u00abAl presidente Rossi rispondo subito volentieri: noi ci siamo e siamo pronti a lavorare da subito, come Commissione Costa, per dar vita e partecipare attivamente alla Conferenza di Area vasta che ha proposto oggi a Pisa. Del [&hellip;]<\/p>\n","protected":false},"author":1,"featured_media":15882,"comment_status":"closed","ping_status":"closed","sticky":false,"template":"","format":"standard","meta":{"_jetpack_memberships_contains_paid_content":false,"footnotes":""},"categories":[966,30],"tags":[],"class_list":{"0":"post-15880","1":"post","2":"type-post","3":"status-publish","4":"format-standard","5":"has-post-thumbnail","7":"category-antonio-mazzeo","8":"category-comunicati-stampa","9":"czr-hentry"},"jetpack_featured_media_url":"https:\/\/www.gruppopdregionetoscana.it\/web\/wp-content\/uploads\/2017\/07\/mazzeo.jpg","jetpack_sharing_enabled":true,"_links":{"self":[{"href":"https:\/\/www.gruppopdregionetoscana.it\/web\/wp-json\/wp\/v2\/posts\/15880","targetHints":{"allow":["GET"]}}],"collection":[{"href":"https:\/\/www.gruppopdregionetoscana.it\/web\/wp-json\/wp\/v2\/posts"}],"about":[{"href":"https:\/\/www.gruppopdregionetoscana.it\/web\/wp-json\/wp\/v2\/types\/post"}],"author":[{"embeddable":true,"href":"https:\/\/www.gruppopdregionetoscana.it\/web\/wp-json\/wp\/v2\/users\/1"}],"replies":[{"embeddable":true,"href":"https:\/\/www.gruppopdregionetoscana.it\/web\/wp-json\/wp\/v2\/comments?post=15880"}],"version-history":[{"count":0,"href":"https:\/\/www.gruppopdregionetoscana.it\/web\/wp-json\/wp\/v2\/posts\/15880\/revisions"}],"wp:featuredmedia":[{"embeddable":true,"href":"https:\/\/www.gruppopdregionetoscana.it\/web\/wp-json\/wp\/v2\/media\/15882"}],"wp:attachment":[{"href":"https:\/\/www.gruppopdregionetoscana.it\/web\/wp-json\/wp\/v2\/media?parent=15880"}],"wp:term":[{"taxonomy":"category","embeddable":true,"href":"https:\/\/www.gruppopdregionetoscana.it\/web\/wp-json\/wp\/v2\/categories?post=15880"},{"taxonomy":"post_tag","embeddable":true,"href":"https:\/\/www.gruppopdregionetoscana.it\/web\/wp-json\/wp\/v2\/tags?post=15880"}],"curies":[{"name":"wp","href":"https:\/\/api.w.org\/{rel}","templated":true}]}}