{"id":15992,"date":"2017-07-26T15:28:44","date_gmt":"2017-07-26T13:28:44","guid":{"rendered":"http:\/\/www.gruppopdregionetoscana.it\/web\/?p=15992"},"modified":"2017-07-26T15:28:44","modified_gmt":"2017-07-26T13:28:44","slug":"caccia-via-libera-a-diversi-provvedimenti-anselmi-pd-misure-per-dare-certezze-operative-al-mondo-venatorio-marras-pd-accolte-le-esigenze-dei-territori","status":"publish","type":"post","link":"https:\/\/www.gruppopdregionetoscana.it\/web\/caccia-via-libera-a-diversi-provvedimenti-anselmi-pd-misure-per-dare-certezze-operative-al-mondo-venatorio-marras-pd-accolte-le-esigenze-dei-territori\/","title":{"rendered":"Caccia, via libera a diversi provvedimenti. Anselmi (PD): \u201cMisure per dare certezze operative al mondo venatorio\u201d Marras (PD): \u201cAccolte le esigenze dei territori\u201d"},"content":{"rendered":"<p><em>Via libera modifiche alle norme per protezione della fauna selvatica e governo del territorio e nominativi comitati gestione Atc<\/em><\/p>\n<p>\u201cIn questi giorni, in aula e in commissione, abbiamo discusso e approvato un pacchetto di misure importanti con l\u2019obiettivo di dare un quadro di certezze operative al mondo venatorio e agli Ambiti Territoriali di Caccia\u201d, spiega <strong>Gianni Anselmi<\/strong>, presidente commissione Sviluppo economico e rurale.<\/p>\n<p>Si tratta della modifica delle leggi regionali in materia di gestione faunistico venatoria (3\/1994) e di governo del territorio (65\/2014) approvata dall\u2019aula del Consiglio regionale nella seduta di marted\u00ec 25; della designazione dei nominativi per i comitati di gestione degli Atc deliberati questa mattina dalla Seconda commissione e del parere sul nuovo regolamento di attuazione della legge 3 che\u00a0 sar\u00e0 discusso, sempre in commissione, nella seduta di domani.<\/p>\n<p><img loading=\"lazy\" decoding=\"async\" class=\"alignright size-medium wp-image-13447\" src=\"http:\/\/www.gruppopdregionetoscana.it\/web\/wp-content\/uploads\/2016\/07\/Gianni5-300x200.jpg\" alt=\"Gianni5\" width=\"300\" height=\"200\" srcset=\"https:\/\/www.gruppopdregionetoscana.it\/web\/wp-content\/uploads\/2016\/07\/Gianni5-300x200.jpg 300w, https:\/\/www.gruppopdregionetoscana.it\/web\/wp-content\/uploads\/2016\/07\/Gianni5-1024x683.jpg 1024w, https:\/\/www.gruppopdregionetoscana.it\/web\/wp-content\/uploads\/2016\/07\/Gianni5.jpg 1500w\" sizes=\"auto, (max-width: 300px) 100vw, 300px\" \/>\u201cLa realizzazione di manufatti per attivit\u00e0 venatorie e l\u2019inserimento delle infrazioni in materia di caccia alla beccaccia sono le novit\u00e0 principali che introduciamo con la modifica legge 3 \u2013 spiega <strong>Anselmi <\/strong>\u2013. Abbiamo cercato di rispondere alle necessit\u00e0 espresse dai territori individuando soluzioni che facilitano la gestione venatoria restando in linea con le prescrizioni delle norme per il governo del territorio. Per quanto riguarda gli Atc, deliberando adesso i componenti dei comitati di gestione ne assicuriamo la completa funzionalit\u00e0 nei tempi utili per dare avvio alla stagione venatoria. Infine, relativamente al regolamento che approveremo domani, l\u2019elemento da mettere in evidenza \u00e8, sicuramente, che per la prima volta sar\u00e0 unico a livello regionale rispetto ai 91 che disciplinavano l\u2019attivit\u00e0 venatoria in Toscana\u201d.<\/p>\n<p><img loading=\"lazy\" decoding=\"async\" class=\"alignleft size-medium wp-image-13402\" src=\"http:\/\/www.gruppopdregionetoscana.it\/web\/wp-content\/uploads\/2016\/07\/Leonardo3-300x249.jpg\" alt=\"Leonardo3\" width=\"300\" height=\"249\" srcset=\"https:\/\/www.gruppopdregionetoscana.it\/web\/wp-content\/uploads\/2016\/07\/Leonardo3-300x249.jpg 300w, https:\/\/www.gruppopdregionetoscana.it\/web\/wp-content\/uploads\/2016\/07\/Leonardo3-1024x848.jpg 1024w, https:\/\/www.gruppopdregionetoscana.it\/web\/wp-content\/uploads\/2016\/07\/Leonardo3.jpg 1400w\" sizes=\"auto, (max-width: 300px) 100vw, 300px\" \/>\u201cUn passaggio decisamente importante frutto prima di tutto del lavoro di ascolto sui territori \u2013 commenta <strong>Leonardo Marras<\/strong>, capogruppo PD Regione Toscana \u2013 del quale io stesso mi sono fatto interprete proponendo alcuni emendamenti a completamento della Proposta di legge. Il nostro obiettivo era quello di adeguare la normativa alle rinnovate esigenze del mondo venatorio offrendo un complesso di regole chiaro e attuale, credo che si possa dire di averlo raggiunto grazie all\u2019impegno condiviso di tutti\u201d.<\/p>\n<p>Le modifiche alla legge 3\/1994 riguardano, in sintesi:<\/p>\n<p>le <strong>attivit\u00e0 dell\u2019Osservatorio<\/strong> per la fauna e l\u2019attivit\u00e0 venatoria che, per consentire un pi\u00f9 ampio supporto scientifico, potr\u00e0 avvalersi oltre che del Cirsemaf anche di altri soggetti; l<strong>\u2019indice di densit\u00e0 venatoria <\/strong>che viene corretto per eliminare il riferimento ai sottoambiti, ormai superato dal riordino degli Atc; la <strong>denominazione di alcuni Atc<\/strong>, che cambia per riutilizzare la tabellazione gi\u00e0 esistente sul territorio e raggiungere cos\u00ec un risparmio della spesa (sono comunque fatte salve le iscrizioni agli ambiti per la stagione venatoria in corso 2017-2018); viene inoltre corretto un mero errore materiale per specificare che anche i cacciatori abilitati alla caccia al cinghiale in braccata e girata sono iscritti nell\u2019apposito registro regionale; in tema di <strong>manufatti per attivit\u00e0 venatorie<\/strong>, \u00e8 consentita la loro realizzazione, nell\u2019esercizio delle attivit\u00e0, purch\u00e9 nel rispetto della legge 65\/2014; in materia di concessione della qualifica di <strong>guardia venatoria volontaria<\/strong>, la legge si conforma alla normativa statale vigente e per rispettare la legge regionale 1\/2009, \u00e8 previsto che l&#8217;esame sia svolto davanti ad una commissione nominata dal direttore della competente direzione della Giunta regionale anzich\u00e9 dal presidente dell\u2019Esecutivo; in tema di <strong>sanzioni amministrative<\/strong>, il testo ne introduce una specifica per le infrazioni in materia di caccia alla beccaccia, in particolare, si prevede una sanzione per ogni capo abbattuto al di fuori dei periodi, degli orari e delle modalit\u00e0 espressamente indicate nel calendario venatorio e nel regolamento regionale, in materia di sanzioni principali non pecuniarie, e sempre per la caccia alla beccaccia, chi commette infrazioni \u00e8 sanzionato con la sospensione di un anno del tesserino venatorio.<\/p>\n<p>Questi i nominativi designati per i comitati di gestione degli Ambiti territoriali di caccia della Toscana:<\/p>\n<p><em>Arezzo-Valdarno-Valdichiana-Casentino<\/em>: Massimo Magnanini, Sauro Bartolini<\/p>\n<p><em>Valtiberina<\/em>: Massimiliano Vinci, Claudio Maggini<\/p>\n<p><em>Siena nord<\/em>: Marcello Bonechi, Fabio Papini<\/p>\n<p><em>Siena sud<\/em>: Marco Vannuccini, Lorenzo Vestri<\/p>\n<p><em>Firenze nord-Prato<\/em>: Federico Ignesti, Andrea Bartoletti<\/p>\n<p><em>Firenze sud<\/em>: Alessio Spinelli, Federico Pavese<\/p>\n<p><em>Grosseto nord<\/em>: Andrea Pecorini, Massimo Biagini<\/p>\n<p><em>Grosseto sud<\/em>: Roberto Zamperini, Stefano Covitto<\/p>\n<p><em>Livorno<\/em>: Miriano Corsini, Lorenzo Gasperini<\/p>\n<p><em>Arcipelago toscano<\/em>: Alessandro Mazzei, Adalberto Bertucci<\/p>\n<p><em>Pistoia<\/em>: Massimo Damiani, Patrizia Manchia<\/p>\n<p><em>Lucca<\/em>: Bellermindo Alberigi, Gianpaolo Bramanti<\/p>\n<p><em>Massa<\/em>: Claudio Giuliotti, Andrea Cella<\/p>\n<p><em>Pisa ovest<\/em>: Alessandro Ferri, Fernando Profeti<\/p>\n<p><em>Pisa est<\/em>: Giacomo Gozzini, Carlo Corsi<\/p>\n","protected":false},"excerpt":{"rendered":"<p>Via libera modifiche alle norme per protezione della fauna selvatica e governo del territorio e nominativi comitati gestione Atc \u201cIn questi giorni, in aula e in commissione, abbiamo discusso e approvato un pacchetto di misure importanti con l\u2019obiettivo di dare un quadro di certezze operative al mondo venatorio e agli Ambiti Territoriali di Caccia\u201d, spiega [&hellip;]<\/p>\n","protected":false},"author":1,"featured_media":14732,"comment_status":"closed","ping_status":"closed","sticky":false,"template":"","format":"standard","meta":{"_jetpack_memberships_contains_paid_content":false,"footnotes":""},"categories":[30,957,954,1],"tags":[],"class_list":{"0":"post-15992","1":"post","2":"type-post","3":"status-publish","4":"format-standard","5":"has-post-thumbnail","7":"category-comunicati-stampa","8":"category-gianni-anselmi","9":"category-leonardo-marras","10":"category-proposte-di-legge","11":"czr-hentry"},"jetpack_featured_media_url":"https:\/\/www.gruppopdregionetoscana.it\/web\/wp-content\/uploads\/2016\/12\/caccia-nelle-colline-toscane.jpg","jetpack_sharing_enabled":true,"_links":{"self":[{"href":"https:\/\/www.gruppopdregionetoscana.it\/web\/wp-json\/wp\/v2\/posts\/15992","targetHints":{"allow":["GET"]}}],"collection":[{"href":"https:\/\/www.gruppopdregionetoscana.it\/web\/wp-json\/wp\/v2\/posts"}],"about":[{"href":"https:\/\/www.gruppopdregionetoscana.it\/web\/wp-json\/wp\/v2\/types\/post"}],"author":[{"embeddable":true,"href":"https:\/\/www.gruppopdregionetoscana.it\/web\/wp-json\/wp\/v2\/users\/1"}],"replies":[{"embeddable":true,"href":"https:\/\/www.gruppopdregionetoscana.it\/web\/wp-json\/wp\/v2\/comments?post=15992"}],"version-history":[{"count":0,"href":"https:\/\/www.gruppopdregionetoscana.it\/web\/wp-json\/wp\/v2\/posts\/15992\/revisions"}],"wp:featuredmedia":[{"embeddable":true,"href":"https:\/\/www.gruppopdregionetoscana.it\/web\/wp-json\/wp\/v2\/media\/14732"}],"wp:attachment":[{"href":"https:\/\/www.gruppopdregionetoscana.it\/web\/wp-json\/wp\/v2\/media?parent=15992"}],"wp:term":[{"taxonomy":"category","embeddable":true,"href":"https:\/\/www.gruppopdregionetoscana.it\/web\/wp-json\/wp\/v2\/categories?post=15992"},{"taxonomy":"post_tag","embeddable":true,"href":"https:\/\/www.gruppopdregionetoscana.it\/web\/wp-json\/wp\/v2\/tags?post=15992"}],"curies":[{"name":"wp","href":"https:\/\/api.w.org\/{rel}","templated":true}]}}