{"id":15994,"date":"2017-07-26T16:04:27","date_gmt":"2017-07-26T14:04:27","guid":{"rendered":"http:\/\/www.gruppopdregionetoscana.it\/web\/?p=15994"},"modified":"2017-07-26T16:32:48","modified_gmt":"2017-07-26T14:32:48","slug":"diritti-a-cascina-si-discute-listituzione-dellosservatorio-per-il-contrasto-allideologia-gender-nardini-pd-piu-amministrazione-e-meno-propaganda","status":"publish","type":"post","link":"https:\/\/www.gruppopdregionetoscana.it\/web\/diritti-a-cascina-si-discute-listituzione-dellosservatorio-per-il-contrasto-allideologia-gender-nardini-pd-piu-amministrazione-e-meno-propaganda\/","title":{"rendered":"Diritti, a Cascina si discute l\u2019istituzione dell\u2019osservatorio per il contrasto all&#8217;ideologia Gender. Nardini (PD): \u201cPi\u00f9 amministrazione e meno propaganda&#8221;"},"content":{"rendered":"<p style=\"text-align: justify;\"><span style=\"font-size: 10.5pt; font-family: 'Arial','sans-serif';\">\u201cCome in una telenovela di cattivo gusto, il centrodestra di Cascina ci propone di tanto in tanto iniziative irragionevoli che hanno il solo risultato di chiudere la comunit\u00e0 in s\u00e9 stessa e limitare i diritti di chi ne fa parte. Cos\u00ec dopo il rifiuto della Sindaca a celebrare le unioni civili, gli ostacoli, pi\u00f9 o meno palesi, posti alla possibilit\u00e0 di altri di ufficiarle e l&#8217;approvazione della mozione per la sopprimere a Consulta Pari Opportunit\u00e0, vediamo iscritta all\u2019ordine del giorno della seduta di Consiglio che si terr\u00e0 domani, la proposta di istituire un osservatorio per il contrasto all&#8217;ideologia Gender. Vorrei ricordare alla maggioranza che sono stati chiamati ad amministrare la citt\u00e0 e non a fare soltanto propaganda politica, ad individuare soluzioni ai problemi della cittadine e dei cittadini e non a creare strumenti per contrastare qualcosa che non esiste. Perch\u00e9 forse occorre ribadirlo ancora una volta: non esiste nessuna fantomatica e pericolosissima ideologia Gender. Si chiede quindi all&#8217;aula di istituire un organo che vigili sul nulla, mentre nei mesi scorsi \u00e8 stato vergognosamente cancellato quello che combatteva discriminazioni e stereotipi di genere. A Cascina si cerca cos\u00ec, ancora una volta, di portare avanti una politica di divisione, forse con il solo scopo di ottenere maggiore visibilit\u00e0 a livello nazionale.\u00a0 Auspico che la discussione in Consiglio Comunale riporti tutti alla ragionevolezza e la proposta dell\u2019osservatorio riceva voti contrari non solo dalla minoranza\u201d. Cos\u00ec la Consigliera Regionale Pd\u00a0<b>Alessandra Nardini<\/b>\u00a0commentando l\u2019iscrizione all\u2019ordine del giorno del Consiglio Comunale di Cascina del 27 luglio della mozione \u201cIstituzione di un osservatorio per il contrasto alla propaganda dell\u2019ideologia Gender\u201d<\/span><\/p>\n<p style=\"text-align: justify;\">\n","protected":false},"excerpt":{"rendered":"<p>\u201cCome in una telenovela di cattivo gusto, il centrodestra di Cascina ci propone di tanto in tanto iniziative irragionevoli che hanno il solo risultato di chiudere la comunit\u00e0 in s\u00e9 stessa e limitare i diritti di chi ne fa parte. Cos\u00ec dopo il rifiuto della Sindaca a celebrare le unioni civili, gli ostacoli, pi\u00f9 o [&hellip;]<\/p>\n","protected":false},"author":1,"featured_media":13409,"comment_status":"closed","ping_status":"closed","sticky":false,"template":"","format":"standard","meta":{"_jetpack_memberships_contains_paid_content":false,"footnotes":""},"categories":[968,30],"tags":[],"class_list":{"0":"post-15994","1":"post","2":"type-post","3":"status-publish","4":"format-standard","5":"has-post-thumbnail","7":"category-alessandra-nardini","8":"category-comunicati-stampa","9":"czr-hentry"},"jetpack_featured_media_url":"https:\/\/www.gruppopdregionetoscana.it\/web\/wp-content\/uploads\/2016\/07\/Alessandra6.jpg","jetpack_sharing_enabled":true,"_links":{"self":[{"href":"https:\/\/www.gruppopdregionetoscana.it\/web\/wp-json\/wp\/v2\/posts\/15994","targetHints":{"allow":["GET"]}}],"collection":[{"href":"https:\/\/www.gruppopdregionetoscana.it\/web\/wp-json\/wp\/v2\/posts"}],"about":[{"href":"https:\/\/www.gruppopdregionetoscana.it\/web\/wp-json\/wp\/v2\/types\/post"}],"author":[{"embeddable":true,"href":"https:\/\/www.gruppopdregionetoscana.it\/web\/wp-json\/wp\/v2\/users\/1"}],"replies":[{"embeddable":true,"href":"https:\/\/www.gruppopdregionetoscana.it\/web\/wp-json\/wp\/v2\/comments?post=15994"}],"version-history":[{"count":0,"href":"https:\/\/www.gruppopdregionetoscana.it\/web\/wp-json\/wp\/v2\/posts\/15994\/revisions"}],"wp:featuredmedia":[{"embeddable":true,"href":"https:\/\/www.gruppopdregionetoscana.it\/web\/wp-json\/wp\/v2\/media\/13409"}],"wp:attachment":[{"href":"https:\/\/www.gruppopdregionetoscana.it\/web\/wp-json\/wp\/v2\/media?parent=15994"}],"wp:term":[{"taxonomy":"category","embeddable":true,"href":"https:\/\/www.gruppopdregionetoscana.it\/web\/wp-json\/wp\/v2\/categories?post=15994"},{"taxonomy":"post_tag","embeddable":true,"href":"https:\/\/www.gruppopdregionetoscana.it\/web\/wp-json\/wp\/v2\/tags?post=15994"}],"curies":[{"name":"wp","href":"https:\/\/api.w.org\/{rel}","templated":true}]}}