{"id":16003,"date":"2017-07-27T11:42:23","date_gmt":"2017-07-27T09:42:23","guid":{"rendered":"http:\/\/www.gruppopdregionetoscana.it\/web\/?p=16003"},"modified":"2017-07-27T11:42:36","modified_gmt":"2017-07-27T09:42:36","slug":"consiglio-regionale-approvato-rendiconto-finanziario-2016","status":"publish","type":"post","link":"https:\/\/www.gruppopdregionetoscana.it\/web\/consiglio-regionale-approvato-rendiconto-finanziario-2016\/","title":{"rendered":"Consiglio regionale, approvato rendiconto finanziario 2016. Interventi di Marras e Pieroni"},"content":{"rendered":"<p><strong><img loading=\"lazy\" decoding=\"async\" class=\"size-medium wp-image-16004 alignleft\" src=\"http:\/\/www.gruppopdregionetoscana.it\/web\/wp-content\/uploads\/2017\/07\/pieroni-marras-300x180.jpg\" alt=\"pieroni-marras\" width=\"300\" height=\"180\" srcset=\"https:\/\/www.gruppopdregionetoscana.it\/web\/wp-content\/uploads\/2017\/07\/pieroni-marras-300x180.jpg 300w, https:\/\/www.gruppopdregionetoscana.it\/web\/wp-content\/uploads\/2017\/07\/pieroni-marras.jpg 900w\" sizes=\"auto, (max-width: 300px) 100vw, 300px\" \/><\/strong><em>Interventi di Leonardo Marras, capogruppo Pd Regione Toscana e Andrea Pieroni, vicepresidente commissione Controllo<\/em><\/p>\n<p>&nbsp;<\/p>\n<p>Ok dal Consiglio regionale al Rendiconto generale per l\u2019anno finanziario 2016.<\/p>\n<p>\u201cRispetto allo scorso anno la situazione \u00e8 nettamente migliorata, cos\u00ec si \u00e8 pronunciata anche la Corte dei Conti e, per quanto le opposizioni cerchino elementi a cui appigliarsi, si pu\u00f2 a buon diritto affermare che\u00a0 il bilancio della Regione gode di buona salute ed \u00e8 gestito con prudenza e capacit\u00e0. \u2013 ha dichiarato <strong>Leonardo Marras<\/strong>, capogruppo Pd Toscana &#8211;\u00a0 Abbiamo infatti saputo gestire la spesa efficientandola, abbiamo mantenuto livelli adeguati di investimenti e orientato a soluzione le vicende di maggiore rilievo come la grande questione delle partecipate della Regione, a partire da Fidi Toscana che porta dopo anni di perdita un bilancio in equilibrio\u201d.<\/p>\n<p>\u201cLa Corte dei Conti ha certificato come la Regione abbia rispettato il pareggio di bilancio con un saldo tra entrate e spese in attivo, un passaggio fondamentale, ottenuto nel 2015 solo da 9 regioni su 20. \u2013 ha detto <strong>Andrea<\/strong> <strong>Pieroni<\/strong>, vicepresidente commissione Controllo, illustrando il provvedimento \u2013 Un risultato non scontato in un contesto ancora complesso di finanza pubblica segnato dalla progressiva riduzione dei trasferimenti statali alle regioni, 850 milioni in meno nel triennio 2012\/2015. \u00c8 chiaro quindi che diventa sempre pi\u00f9 complicato razionalizzare le spese ma \u00e8 quello che la Regione ha fatto, a partire dalla spesa del personale, su cui c\u2019\u00e8 stata una gestione assolutamente oculata e dalla riduzione dei costi del funzionamento di Consiglio e Giunta, tutto a fronte della necessit\u00e0 di inserire negli organici gli oltre 1000 dipendenti delle province.\u00a0 Al netto di queste valutazioni non possiamo che affermare che il bilancio della Regione \u00e8 gestito con correttezza, responsabilit\u00e0 e capacit\u00e0 di far fronte a un periodo indubbiamente difficile\u201d.<\/p>\n<p>&nbsp;<\/p>\n","protected":false},"excerpt":{"rendered":"<p>Interventi di Leonardo Marras, capogruppo Pd Regione Toscana e Andrea Pieroni, vicepresidente commissione Controllo &nbsp; Ok dal Consiglio regionale al Rendiconto generale per l\u2019anno finanziario 2016. \u201cRispetto allo scorso anno la situazione \u00e8 nettamente migliorata, cos\u00ec si \u00e8 pronunciata anche la Corte dei Conti e, per quanto le opposizioni cerchino elementi a cui appigliarsi, si [&hellip;]<\/p>\n","protected":false},"author":1,"featured_media":16004,"comment_status":"closed","ping_status":"closed","sticky":false,"template":"","format":"standard","meta":{"_jetpack_memberships_contains_paid_content":false,"footnotes":""},"categories":[970,30,954],"tags":[],"class_list":{"0":"post-16003","1":"post","2":"type-post","3":"status-publish","4":"format-standard","5":"has-post-thumbnail","7":"category-andrea-pieroni","8":"category-comunicati-stampa","9":"category-leonardo-marras","10":"czr-hentry"},"jetpack_featured_media_url":"https:\/\/www.gruppopdregionetoscana.it\/web\/wp-content\/uploads\/2017\/07\/pieroni-marras.jpg","jetpack_sharing_enabled":true,"_links":{"self":[{"href":"https:\/\/www.gruppopdregionetoscana.it\/web\/wp-json\/wp\/v2\/posts\/16003","targetHints":{"allow":["GET"]}}],"collection":[{"href":"https:\/\/www.gruppopdregionetoscana.it\/web\/wp-json\/wp\/v2\/posts"}],"about":[{"href":"https:\/\/www.gruppopdregionetoscana.it\/web\/wp-json\/wp\/v2\/types\/post"}],"author":[{"embeddable":true,"href":"https:\/\/www.gruppopdregionetoscana.it\/web\/wp-json\/wp\/v2\/users\/1"}],"replies":[{"embeddable":true,"href":"https:\/\/www.gruppopdregionetoscana.it\/web\/wp-json\/wp\/v2\/comments?post=16003"}],"version-history":[{"count":0,"href":"https:\/\/www.gruppopdregionetoscana.it\/web\/wp-json\/wp\/v2\/posts\/16003\/revisions"}],"wp:featuredmedia":[{"embeddable":true,"href":"https:\/\/www.gruppopdregionetoscana.it\/web\/wp-json\/wp\/v2\/media\/16004"}],"wp:attachment":[{"href":"https:\/\/www.gruppopdregionetoscana.it\/web\/wp-json\/wp\/v2\/media?parent=16003"}],"wp:term":[{"taxonomy":"category","embeddable":true,"href":"https:\/\/www.gruppopdregionetoscana.it\/web\/wp-json\/wp\/v2\/categories?post=16003"},{"taxonomy":"post_tag","embeddable":true,"href":"https:\/\/www.gruppopdregionetoscana.it\/web\/wp-json\/wp\/v2\/tags?post=16003"}],"curies":[{"name":"wp","href":"https:\/\/api.w.org\/{rel}","templated":true}]}}