{"id":16008,"date":"2017-07-27T12:48:59","date_gmt":"2017-07-27T10:48:59","guid":{"rendered":"http:\/\/www.gruppopdregionetoscana.it\/web\/?p=16008"},"modified":"2017-07-27T12:48:59","modified_gmt":"2017-07-27T10:48:59","slug":"meloria-gazzetti-buone-notizie-dallente-parco-sia-per-le-boe-di-segnalazione-che-per-il-potenziamento-dellinformazione","status":"publish","type":"post","link":"https:\/\/www.gruppopdregionetoscana.it\/web\/meloria-gazzetti-buone-notizie-dallente-parco-sia-per-le-boe-di-segnalazione-che-per-il-potenziamento-dellinformazione\/","title":{"rendered":"Meloria, Gazzetti: \u201cBuone notizie dall\u2019Ente Parco sia per le boe di segnalazione che per il potenziamento dell\u2019informazione\u201d"},"content":{"rendered":"<p><em>Il consigliere soddisfatto dopo l\u2019audizione di direttore e tecnici in commissione Ambiente <\/em><\/p>\n<p>Buone notizie dall\u2019Ente Parco Migliarino San Rossore Massaciuccoli riguardo le problematiche relative all\u2019area marina protetta delle secche della Meloria. Lo riferisce il consigliere regionale del <strong>Partito democratico Francesco Gazzetti<\/strong> dopo aver ascoltato in commissione Ambiente di cui \u00e8 vice presidente sia il direttore che i tecnici dell\u2019Ente Parco. \u201cAvevamo preso l&#8217;impegno di affrontare, in Commissione le questioni collegate sia alla gestione dell&#8217;area marina protetta delle secche della Meloria che le problematiche sollevate nelle scorse settimane ed apparse sulla stampa- <strong>spiega Gazzetti<\/strong>-. Grazie alla disponibilit\u00e0 del presidente Stefano Baccelli\u00a0 e ai colleghi della commissione abbiamo organizzato velocemente l\u2019audizione per cercare di approfondire e dare risposte sulla questione della Meloria. In Commissione dopo aver rappresentato la necessit\u00e0 di intervenire per superare e mitigare le problematiche ci vennero annunciati interventi sia a breve che a lungo periodo\u201d. Gazzetti riferisce con soddisfazione che\u00a0 dalla newsletter del Parco si apprende che &#8220;in questi giorni sono state definitivamente posizionate le boe di segnalazione che delimitano la zona A, di riserva integrale della A.M.P; mentre gli Uffici, a seguito dell&#8217;organizzazione interna, stanno alacremente lavorando per rilasciare le autorizzazioni necessarie ad una corretta fruizione dell&#8217;area marina che sia rispettosa delle norme e permetta ai frequentatori di questo straordinario tratto di mare di comprendere le ragioni di una necessaria conservazione e tutela e, di conseguenza, non incappare nelle sanzioni previste dalla Legge.&#8221; Gazzetti specifica che era stato richiesto un potenziamento degli elementi di comunicazione ed informazione. \u201cEcco perch\u00e9 \u2013 aggiunge Gazzetti- rilancio con piacere il fatto che &#8220;per migliorare la conoscenza delle regole di fruizione e rendere pi\u00f9 semplice la modalit\u00e0 di richiesta e rilascio delle autorizzazioni, \u00e8 stato redatto un nuovo schema che riassume in una tabella sintetica le attivit\u00e0 consentite o meno e le autorizzazioni necessarie al loro svolgimento, i fruitori avranno cos\u00ec a disposizione modelli pi\u00f9 dettagliati per la presentazione delle domande di autorizzazione che permetteranno anche un rilascio pi\u00f9 veloce dei relativi permessi&#8221;. Gazzetti ha anche\u00a0 richiesto che l&#8217;Ente Parco \u201cpossa incrementare la propria presenza sul territorio livornese trasformando, quando ci saranno le condizioni e le risorse, il centro visite in un vero e proprio centro servizi, una sorta di &#8220;casa livornese&#8221; del parco. In Commissione \u2013 <strong>conclude Gazzetti<\/strong>&#8211; e sul territorio continuer\u00f2 e continueremo a seguire la vicenda, inspirati ad un principio ben preciso quello &#8211; come si legge ancora della newsletter &#8211; &#8220;di coniugare le esigenze di tutela e conservazione di habitat di interesse comunitario con le attivit\u00e0 tradizionali di fruizione e di sviluppo sostenibile&#8221;.<\/p>\n","protected":false},"excerpt":{"rendered":"<p>Il consigliere soddisfatto dopo l\u2019audizione di direttore e tecnici in commissione Ambiente Buone notizie dall\u2019Ente Parco Migliarino San Rossore Massaciuccoli riguardo le problematiche relative all\u2019area marina protetta delle secche della Meloria. Lo riferisce il consigliere regionale del Partito democratico Francesco Gazzetti dopo aver ascoltato in commissione Ambiente di cui \u00e8 vice presidente sia il direttore [&hellip;]<\/p>\n","protected":false},"author":1,"featured_media":16009,"comment_status":"closed","ping_status":"closed","sticky":false,"template":"","format":"standard","meta":{"_jetpack_memberships_contains_paid_content":false,"footnotes":""},"categories":[30,1002],"tags":[33,1796],"class_list":{"0":"post-16008","1":"post","2":"type-post","3":"status-publish","4":"format-standard","5":"has-post-thumbnail","7":"category-comunicati-stampa","8":"category-francesco-gazzetti","9":"tag-livorno","10":"tag-meloria","11":"czr-hentry"},"jetpack_featured_media_url":"https:\/\/www.gruppopdregionetoscana.it\/web\/wp-content\/uploads\/2017\/07\/Secche-della-Meloria.jpg","jetpack_sharing_enabled":true,"_links":{"self":[{"href":"https:\/\/www.gruppopdregionetoscana.it\/web\/wp-json\/wp\/v2\/posts\/16008","targetHints":{"allow":["GET"]}}],"collection":[{"href":"https:\/\/www.gruppopdregionetoscana.it\/web\/wp-json\/wp\/v2\/posts"}],"about":[{"href":"https:\/\/www.gruppopdregionetoscana.it\/web\/wp-json\/wp\/v2\/types\/post"}],"author":[{"embeddable":true,"href":"https:\/\/www.gruppopdregionetoscana.it\/web\/wp-json\/wp\/v2\/users\/1"}],"replies":[{"embeddable":true,"href":"https:\/\/www.gruppopdregionetoscana.it\/web\/wp-json\/wp\/v2\/comments?post=16008"}],"version-history":[{"count":0,"href":"https:\/\/www.gruppopdregionetoscana.it\/web\/wp-json\/wp\/v2\/posts\/16008\/revisions"}],"wp:featuredmedia":[{"embeddable":true,"href":"https:\/\/www.gruppopdregionetoscana.it\/web\/wp-json\/wp\/v2\/media\/16009"}],"wp:attachment":[{"href":"https:\/\/www.gruppopdregionetoscana.it\/web\/wp-json\/wp\/v2\/media?parent=16008"}],"wp:term":[{"taxonomy":"category","embeddable":true,"href":"https:\/\/www.gruppopdregionetoscana.it\/web\/wp-json\/wp\/v2\/categories?post=16008"},{"taxonomy":"post_tag","embeddable":true,"href":"https:\/\/www.gruppopdregionetoscana.it\/web\/wp-json\/wp\/v2\/tags?post=16008"}],"curies":[{"name":"wp","href":"https:\/\/api.w.org\/{rel}","templated":true}]}}