{"id":16015,"date":"2017-07-27T16:08:12","date_gmt":"2017-07-27T14:08:12","guid":{"rendered":"http:\/\/www.gruppopdregionetoscana.it\/web\/?p=16015"},"modified":"2017-07-27T16:08:12","modified_gmt":"2017-07-27T14:08:12","slug":"bilancio-mazzeo-pd-con-variazione-approvata-ieri-dalla-regione-9-milioni-nel-triennio-per-pisa","status":"publish","type":"post","link":"https:\/\/www.gruppopdregionetoscana.it\/web\/bilancio-mazzeo-pd-con-variazione-approvata-ieri-dalla-regione-9-milioni-nel-triennio-per-pisa\/","title":{"rendered":"Bilancio, Mazzeo (Pd): \u201cCon variazione approvata ieri dalla Regione 9 milioni nel triennio per Pisa\u201d"},"content":{"rendered":"<p><img loading=\"lazy\" decoding=\"async\" class=\"alignleft size-medium wp-image-15882\" src=\"http:\/\/www.gruppopdregionetoscana.it\/web\/wp-content\/uploads\/2017\/07\/mazzeo-300x225.jpg\" alt=\"mazzeo\" width=\"300\" height=\"225\" srcset=\"https:\/\/www.gruppopdregionetoscana.it\/web\/wp-content\/uploads\/2017\/07\/mazzeo-300x225.jpg 300w, https:\/\/www.gruppopdregionetoscana.it\/web\/wp-content\/uploads\/2017\/07\/mazzeo.jpg 640w\" sizes=\"auto, (max-width: 300px) 100vw, 300px\" \/>\u201cDa un lato i 13 milioni di euro recuperati dal Comune e reinvestiti per opere di pubblica utilit\u00e0, dall\u2019altro i 9 milioni nel triennio che, grazie alla variazione di bilancio approvata ieri in Consiglio Regionale, arriveranno alla citt\u00e0 per la Cittadella Galileiana e il Polo Museale storico presso l\u2019Orto botanico e per il consolidamento della Sapienza. Sappiamo che per gli enti locali non \u00e8 certo un periodo facile, ma quando si riescono a liberare risorse per le nostre citt\u00e0 \u00e8 sempre una notizia estremamente positiva. E, in questo caso, ancora di pi\u00f9 perch\u00e9 permette di intervenire in maniera rapida e concreta su una serie di temi che avranno ricaduta immediata sulla qualit\u00e0 della vita dei cittadini di Pisa. Pi\u00f9 delle parole a noi interessano i fatti e queste mi sembrano davvero buone notizie per Pisa\u201d.<\/p>\n<p><strong>Cos\u00ec Antonio Mazzeo, consigliere regionale PD, all\u2019indomani della votazione con cui l\u2019aula ha dato il via libera alla prima variazione di bilancio presentata dall\u2019assessore Vittorio Bugli.<\/strong><\/p>\n<p>\u201cCittadella Galileiana e Polo Museale hanno, da subito, 2,5 milioni di euro disponibili \u2013 spiega <strong>Mazzeo<\/strong> \u2013 e a questi si aggiungono anche 100mila euro che sono stati destinati al Mibact per la valorizzazione del teatro Rossi. Risorse che vanno ad aggiungersi a quelle che avevamo gi\u00e0 previsto nel bilancio per la progettazione definitiva della tangenziale a nord est e che, in questi primi due anni di legislatura regionale, hanno visto arrivare anche ingenti trasferimenti sia sulla scuola sia sulla sanit\u00e0. Il lavoro di squadra che siamo riusciti a mettere in campo tra i vari livelli istituzionali, insomma, ha portato risultati concreti: dal completamento del Pisa Mover al potenziamento dell\u2019aeroporto che \u00e8 ai massimi storici in termini di passeggeri e volumi di transito, dalla riqualificazione di parte del centro storico attraverso i Piuss ai soldi arrivati recentemente sia per l\u2019installazione di nuove telecamere nella zona della stazione grazie ai risparmi del consiglio regionale sia per l\u2019intera riqualificazione di quell\u2019area grazie al bando sulle periferie del governo. Su questa strada il nostro impegno sar\u00e0 continuo e costante. E&#8217; questo quello che ci chiedono i cittadini ed \u00e8 questo quello su cui, ognuno per il suo ruolo, dovr\u00e0 continuare a lavorare&#8221;.<\/p>\n","protected":false},"excerpt":{"rendered":"<p>\u201cDa un lato i 13 milioni di euro recuperati dal Comune e reinvestiti per opere di pubblica utilit\u00e0, dall\u2019altro i 9 milioni nel triennio che, grazie alla variazione di bilancio approvata ieri in Consiglio Regionale, arriveranno alla citt\u00e0 per la Cittadella Galileiana e il Polo Museale storico presso l\u2019Orto botanico e per il consolidamento della [&hellip;]<\/p>\n","protected":false},"author":1,"featured_media":16017,"comment_status":"closed","ping_status":"closed","sticky":false,"template":"","format":"standard","meta":{"_jetpack_memberships_contains_paid_content":false,"footnotes":""},"categories":[966,30],"tags":[587,1797,1799,180,1798,36,1480],"class_list":{"0":"post-16015","1":"post","2":"type-post","3":"status-publish","4":"format-standard","5":"has-post-thumbnail","7":"category-antonio-mazzeo","8":"category-comunicati-stampa","9":"tag-bilancio","10":"tag-cittadella-galileiana","11":"tag-museo-storico","12":"tag-pisa","13":"tag-polo-museale","14":"tag-toscana","15":"tag-variazione","16":"czr-hentry"},"jetpack_featured_media_url":"https:\/\/www.gruppopdregionetoscana.it\/web\/wp-content\/uploads\/2017\/07\/Pisa_-_veduta_aerea.jpg","jetpack_sharing_enabled":true,"_links":{"self":[{"href":"https:\/\/www.gruppopdregionetoscana.it\/web\/wp-json\/wp\/v2\/posts\/16015","targetHints":{"allow":["GET"]}}],"collection":[{"href":"https:\/\/www.gruppopdregionetoscana.it\/web\/wp-json\/wp\/v2\/posts"}],"about":[{"href":"https:\/\/www.gruppopdregionetoscana.it\/web\/wp-json\/wp\/v2\/types\/post"}],"author":[{"embeddable":true,"href":"https:\/\/www.gruppopdregionetoscana.it\/web\/wp-json\/wp\/v2\/users\/1"}],"replies":[{"embeddable":true,"href":"https:\/\/www.gruppopdregionetoscana.it\/web\/wp-json\/wp\/v2\/comments?post=16015"}],"version-history":[{"count":0,"href":"https:\/\/www.gruppopdregionetoscana.it\/web\/wp-json\/wp\/v2\/posts\/16015\/revisions"}],"wp:featuredmedia":[{"embeddable":true,"href":"https:\/\/www.gruppopdregionetoscana.it\/web\/wp-json\/wp\/v2\/media\/16017"}],"wp:attachment":[{"href":"https:\/\/www.gruppopdregionetoscana.it\/web\/wp-json\/wp\/v2\/media?parent=16015"}],"wp:term":[{"taxonomy":"category","embeddable":true,"href":"https:\/\/www.gruppopdregionetoscana.it\/web\/wp-json\/wp\/v2\/categories?post=16015"},{"taxonomy":"post_tag","embeddable":true,"href":"https:\/\/www.gruppopdregionetoscana.it\/web\/wp-json\/wp\/v2\/tags?post=16015"}],"curies":[{"name":"wp","href":"https:\/\/api.w.org\/{rel}","templated":true}]}}