{"id":16115,"date":"2017-08-31T15:23:07","date_gmt":"2017-08-31T13:23:07","guid":{"rendered":"http:\/\/www.gruppopdregionetoscana.it\/web\/?p=16115"},"modified":"2017-08-31T15:23:07","modified_gmt":"2017-08-31T13:23:07","slug":"farmacie-sei-mesi-in-piu-per-aprire-negli-aeroporti-stazioni-e-centri-commerciali-scaramelli-raccolte-le-istanze-dei-territori-passo-avanti-per-facilitare-il-lavoro","status":"publish","type":"post","link":"https:\/\/www.gruppopdregionetoscana.it\/web\/farmacie-sei-mesi-in-piu-per-aprire-negli-aeroporti-stazioni-e-centri-commerciali-scaramelli-raccolte-le-istanze-dei-territori-passo-avanti-per-facilitare-il-lavoro\/","title":{"rendered":"Farmacie, sei mesi in pi\u00f9 per aprire negli aeroporti, stazioni e centri commerciali. Scaramelli : \u201cRaccolte le istanze dei territori, passo avanti per facilitare il lavoro\u201d"},"content":{"rendered":"<p><span style=\"font-family: Calibri;\"><span style=\"color: #000000;\">E\u2019 prorogata fino ad un anno la possibilit\u00e0 per le farmacie di aprire nei centri commerciali, nelle stazioni, negli aeroporti, nelle stazioni marittime e nelle aeree di servizio autostradali ad alta intensit\u00e0 di traffico, dotate di servizi alberghieri o di ristorazione. La proposta di legge illustrata ieri in aula dal <b>presidente della commissione Sanit\u00e0 Stefano Scaramelli<\/b><\/span> <span style=\"color: #000000;\">accoglie le istanze dei territori facilitando la possibilit\u00e0 per le farmacie di trovare locali idonei in questo tipo di contesti dove l\u2019offerta di spazi \u00e8 pi\u00f9 limitata.<\/span><\/span><\/p>\n<p><span style=\"font-family: Calibri;\"><span style=\"color: #000000;\">\u201cE\u2019 un passo in avanti \u2013 <b>spiega il presidente della commissione Sanit\u00e0 Stefano Scaramelli<\/b><\/span><span style=\"color: #000000;\">&#8211; che va incontro alle esigenze del settore, snellisce la procedura in quanto prima chi aveva bisogno di pi\u00f9 tempo, doveva chiedere una proroga, che era comunque limitata a certe condizioni. Oggi \u00e8 pi\u00f9 facile perch\u00e9 c\u2019\u00e8 un anno di tempo in ogni caso. Spesso infatti nei centri commerciali, nelle stazioni l\u2019offerta dei locali idonei alla collocazione della farmacia \u00e8 limitata. La legge approvata ieri in aula aiuta chi lavora e d\u00e0 un\u2019opportunit\u00e0 in pi\u00f9\u201d<\/span><\/span><\/p>\n<p><span style=\"color: #000000; font-family: Calibri;\">\u00a0<\/span><\/p>\n<p><span style=\"color: #000000; font-family: Calibri;\">\u00a0<\/span><\/p>\n<p>&nbsp;<\/p>\n","protected":false},"excerpt":{"rendered":"<p>E\u2019 prorogata fino ad un anno la possibilit\u00e0 per le farmacie di aprire nei centri commerciali, nelle stazioni, negli aeroporti, nelle stazioni marittime e nelle aeree di servizio autostradali ad alta intensit\u00e0 di traffico, dotate di servizi alberghieri o di ristorazione. La proposta di legge illustrata ieri in aula dal presidente della commissione Sanit\u00e0 Stefano [&hellip;]<\/p>\n","protected":false},"author":1,"featured_media":16116,"comment_status":"closed","ping_status":"closed","sticky":false,"template":"","format":"standard","meta":{"_jetpack_memberships_contains_paid_content":false,"footnotes":""},"categories":[30,971],"tags":[1816,101],"class_list":{"0":"post-16115","1":"post","2":"type-post","3":"status-publish","4":"format-standard","5":"has-post-thumbnail","7":"category-comunicati-stampa","8":"category-stefano-scaramelli","9":"tag-farmacie","10":"tag-sanita","11":"czr-hentry"},"jetpack_featured_media_url":"https:\/\/www.gruppopdregionetoscana.it\/web\/wp-content\/uploads\/2017\/08\/farmacie.jpg","jetpack_sharing_enabled":true,"_links":{"self":[{"href":"https:\/\/www.gruppopdregionetoscana.it\/web\/wp-json\/wp\/v2\/posts\/16115","targetHints":{"allow":["GET"]}}],"collection":[{"href":"https:\/\/www.gruppopdregionetoscana.it\/web\/wp-json\/wp\/v2\/posts"}],"about":[{"href":"https:\/\/www.gruppopdregionetoscana.it\/web\/wp-json\/wp\/v2\/types\/post"}],"author":[{"embeddable":true,"href":"https:\/\/www.gruppopdregionetoscana.it\/web\/wp-json\/wp\/v2\/users\/1"}],"replies":[{"embeddable":true,"href":"https:\/\/www.gruppopdregionetoscana.it\/web\/wp-json\/wp\/v2\/comments?post=16115"}],"version-history":[{"count":0,"href":"https:\/\/www.gruppopdregionetoscana.it\/web\/wp-json\/wp\/v2\/posts\/16115\/revisions"}],"wp:featuredmedia":[{"embeddable":true,"href":"https:\/\/www.gruppopdregionetoscana.it\/web\/wp-json\/wp\/v2\/media\/16116"}],"wp:attachment":[{"href":"https:\/\/www.gruppopdregionetoscana.it\/web\/wp-json\/wp\/v2\/media?parent=16115"}],"wp:term":[{"taxonomy":"category","embeddable":true,"href":"https:\/\/www.gruppopdregionetoscana.it\/web\/wp-json\/wp\/v2\/categories?post=16115"},{"taxonomy":"post_tag","embeddable":true,"href":"https:\/\/www.gruppopdregionetoscana.it\/web\/wp-json\/wp\/v2\/tags?post=16115"}],"curies":[{"name":"wp","href":"https:\/\/api.w.org\/{rel}","templated":true}]}}