{"id":16120,"date":"2017-09-04T11:29:30","date_gmt":"2017-09-04T09:29:30","guid":{"rendered":"http:\/\/www.gruppopdregionetoscana.it\/web\/?p=16120"},"modified":"2017-09-04T11:29:30","modified_gmt":"2017-09-04T09:29:30","slug":"lucca-operai-morti-sul-lavoro-dolore-e-cordoglio-di-stefano-baccelli-e-del-gruppo-pd-regione-toscana","status":"publish","type":"post","link":"https:\/\/www.gruppopdregionetoscana.it\/web\/lucca-operai-morti-sul-lavoro-dolore-e-cordoglio-di-stefano-baccelli-e-del-gruppo-pd-regione-toscana\/","title":{"rendered":"Lucca, operai morti sul lavoro, dolore e cordoglio di Stefano Baccelli e del gruppo Pd Regione Toscana"},"content":{"rendered":"<p><img loading=\"lazy\" decoding=\"async\" class=\"size-medium wp-image-16121 alignleft\" src=\"http:\/\/www.gruppopdregionetoscana.it\/web\/wp-content\/uploads\/2017\/09\/LuccaLutto-300x300.jpg\" alt=\"LuccaLutto\" width=\"300\" height=\"300\" srcset=\"https:\/\/www.gruppopdregionetoscana.it\/web\/wp-content\/uploads\/2017\/09\/LuccaLutto-300x300.jpg 300w, https:\/\/www.gruppopdregionetoscana.it\/web\/wp-content\/uploads\/2017\/09\/LuccaLutto-151x150.jpg 151w, https:\/\/www.gruppopdregionetoscana.it\/web\/wp-content\/uploads\/2017\/09\/LuccaLutto.jpg 800w\" sizes=\"auto, (max-width: 300px) 100vw, 300px\" \/>\u201cNon si pu\u00f2 morire di lavoro. L\u2019incidente avvenuto ieri pomeriggio a Lucca lascia senza fiato e senza parole. Alle famiglie di Eugenio Viviani e Antonio Pellegrini va tutta la vicinanza e solidariet\u00e0 mia e dell\u2019intero gruppo consiliare Pd in Regione Toscana. Questo ovviamente non potr\u00e0 minimamente colmare il vuoto che lasciano queste due vite spezzate, o anche solo lenire il dolore per un dramma che colpisce un\u2019intera comunit\u00e0, avvenuto proprio mentre si stava allestendo la festa religiosa e civile pi\u00f9 importante per la nostra citt\u00e0, che unisce tutti i lucchesi, la Luminara di Santa Croce, che quest\u2019anno sar\u00e0 listata a lutto proprio dopo questa tragedia. Dopo la costernazione per\u00f2 arriva il momento della riflessione. \u00c8 urgente, imprescindibile chiarire le dinamiche dell\u2019incidente per poter fare piena luce su quanto accaduto. E poi, fondamentale, un impegno a tutti i livelli per garantire la sicurezza nei luoghi di lavoro: questo dobbiamo fare con forza e tenacia, questa deve essere uno dei nostri chiodi fissi. Perch\u00e9 morti come queste non devono accadere\u201d.<\/p>\n<p>&nbsp;<\/p>\n<p>Cos\u00ec Stefano Baccelli, consigliere regionale Pd, sulla morte dei due operai a Lucca avvenuta durante l\u2019allestimento delle illuminazioni per la Luminara di Santa Croce.<\/p>\n<p>&nbsp;<\/p>\n<p>&nbsp;<\/p>\n<p>&nbsp;<\/p>\n<p>&nbsp;<\/p>\n<p>&nbsp;<\/p>\n<p>&nbsp;<\/p>\n","protected":false},"excerpt":{"rendered":"<p>\u201cNon si pu\u00f2 morire di lavoro. L\u2019incidente avvenuto ieri pomeriggio a Lucca lascia senza fiato e senza parole. Alle famiglie di Eugenio Viviani e Antonio Pellegrini va tutta la vicinanza e solidariet\u00e0 mia e dell\u2019intero gruppo consiliare Pd in Regione Toscana. Questo ovviamente non potr\u00e0 minimamente colmare il vuoto che lasciano queste due vite spezzate, [&hellip;]<\/p>\n","protected":false},"author":1,"featured_media":16121,"comment_status":"closed","ping_status":"closed","sticky":false,"template":"","format":"standard","meta":{"_jetpack_memberships_contains_paid_content":false,"footnotes":""},"categories":[30,958],"tags":[],"class_list":{"0":"post-16120","1":"post","2":"type-post","3":"status-publish","4":"format-standard","5":"has-post-thumbnail","7":"category-comunicati-stampa","8":"category-stefano-baccelli","9":"czr-hentry"},"jetpack_featured_media_url":"https:\/\/www.gruppopdregionetoscana.it\/web\/wp-content\/uploads\/2017\/09\/LuccaLutto.jpg","jetpack_sharing_enabled":true,"_links":{"self":[{"href":"https:\/\/www.gruppopdregionetoscana.it\/web\/wp-json\/wp\/v2\/posts\/16120","targetHints":{"allow":["GET"]}}],"collection":[{"href":"https:\/\/www.gruppopdregionetoscana.it\/web\/wp-json\/wp\/v2\/posts"}],"about":[{"href":"https:\/\/www.gruppopdregionetoscana.it\/web\/wp-json\/wp\/v2\/types\/post"}],"author":[{"embeddable":true,"href":"https:\/\/www.gruppopdregionetoscana.it\/web\/wp-json\/wp\/v2\/users\/1"}],"replies":[{"embeddable":true,"href":"https:\/\/www.gruppopdregionetoscana.it\/web\/wp-json\/wp\/v2\/comments?post=16120"}],"version-history":[{"count":0,"href":"https:\/\/www.gruppopdregionetoscana.it\/web\/wp-json\/wp\/v2\/posts\/16120\/revisions"}],"wp:featuredmedia":[{"embeddable":true,"href":"https:\/\/www.gruppopdregionetoscana.it\/web\/wp-json\/wp\/v2\/media\/16121"}],"wp:attachment":[{"href":"https:\/\/www.gruppopdregionetoscana.it\/web\/wp-json\/wp\/v2\/media?parent=16120"}],"wp:term":[{"taxonomy":"category","embeddable":true,"href":"https:\/\/www.gruppopdregionetoscana.it\/web\/wp-json\/wp\/v2\/categories?post=16120"},{"taxonomy":"post_tag","embeddable":true,"href":"https:\/\/www.gruppopdregionetoscana.it\/web\/wp-json\/wp\/v2\/tags?post=16120"}],"curies":[{"name":"wp","href":"https:\/\/api.w.org\/{rel}","templated":true}]}}