{"id":16136,"date":"2017-09-12T15:45:24","date_gmt":"2017-09-12T13:45:24","guid":{"rendered":"http:\/\/www.gruppopdregionetoscana.it\/web\/?p=16136"},"modified":"2017-09-12T15:45:24","modified_gmt":"2017-09-12T13:45:24","slug":"livorno-marras-e-mazzeo-governo-e-regione-lavorino-insieme-come-stanno-facendo-in-queste-ore","status":"publish","type":"post","link":"https:\/\/www.gruppopdregionetoscana.it\/web\/livorno-marras-e-mazzeo-governo-e-regione-lavorino-insieme-come-stanno-facendo-in-queste-ore\/","title":{"rendered":"Livorno, Marras e Mazzeo: \u201cGoverno e Regione lavorino insieme, come stanno facendo in queste ore\u201d"},"content":{"rendered":"<p><img loading=\"lazy\" decoding=\"async\" class=\"alignleft wp-image-10996 size-full\" src=\"http:\/\/www.gruppopdregionetoscana.it\/web\/wp-content\/uploads\/2015\/10\/marras-mazzeo.jpg\" alt=\"marras-mazzeo\" width=\"643\" height=\"440\" srcset=\"https:\/\/www.gruppopdregionetoscana.it\/web\/wp-content\/uploads\/2015\/10\/marras-mazzeo.jpg 643w, https:\/\/www.gruppopdregionetoscana.it\/web\/wp-content\/uploads\/2015\/10\/marras-mazzeo-300x205.jpg 300w\" sizes=\"auto, (max-width: 643px) 100vw, 643px\" \/>\u00abGoverno e Regione stiano insieme! Come hanno fatto in queste ore, cio\u00e8 in continuo contatto e concordando insieme tutte le azioni urgente da intraprendere. E\u2019 questa la strada su cui si deve proseguire senza indugi: il governo si fa carico dell\u2019emergenza mentre la Regione stanzia le prime risorse (a partire dai 3 milioni destinati alle urgenze pi\u00f9 immediate) per tutte quelle realt\u00e0, attivit\u00e0 produttive, edifici, abitazioni, che hanno perso tutto o subito danni ingentissimi. Una volta superata la fase di emergenza l\u2019impegno dovr\u00e0 invece proseguire su due percorsi: da un lato accedere alle misure nazionali strutturali di ristoro contro le calamit\u00e0 sulla base della quantificazione dei danni ad opera della Regione, dall\u2019altro prevedere uno stanziamento straordinario di risorse da inserire nella legge di bilancio. Ora \u00e8 il momento di unire le forze e di farsi carico tutti insieme del dramma che sta vivendo l\u2019intera comunit\u00e0 livornese. Le istituzioni dovranno dimostrare, ognuno per quanto di sua competenza, di essere al loro fianco senza distinguo ma guidati unicamente dalla volont\u00e0 di far rialzare Livorno\u00bb.<\/p>\n<p>Cos\u00ec <strong>Leonardo Marras<\/strong> e <strong>Antonio Mazzeo<\/strong>, rispettivamente capogruppo del Pd in Consiglio regionale e presidente della Commissione Costa, sulle misure urgenti per la citt\u00e0 di Livorno.<\/p>\n","protected":false},"excerpt":{"rendered":"<p>\u00abGoverno e Regione stiano insieme! Come hanno fatto in queste ore, cio\u00e8 in continuo contatto e concordando insieme tutte le azioni urgente da intraprendere. E\u2019 questa la strada su cui si deve proseguire senza indugi: il governo si fa carico dell\u2019emergenza mentre la Regione stanzia le prime risorse (a partire dai 3 milioni destinati alle [&hellip;]<\/p>\n","protected":false},"author":1,"featured_media":16137,"comment_status":"closed","ping_status":"closed","sticky":false,"template":"","format":"standard","meta":{"_jetpack_memberships_contains_paid_content":false,"footnotes":""},"categories":[966,30,954],"tags":[],"class_list":{"0":"post-16136","1":"post","2":"type-post","3":"status-publish","4":"format-standard","5":"has-post-thumbnail","7":"category-antonio-mazzeo","8":"category-comunicati-stampa","9":"category-leonardo-marras","10":"czr-hentry"},"jetpack_featured_media_url":"https:\/\/www.gruppopdregionetoscana.it\/web\/wp-content\/uploads\/2017\/09\/livorno-alluvione.jpg","jetpack_sharing_enabled":true,"_links":{"self":[{"href":"https:\/\/www.gruppopdregionetoscana.it\/web\/wp-json\/wp\/v2\/posts\/16136","targetHints":{"allow":["GET"]}}],"collection":[{"href":"https:\/\/www.gruppopdregionetoscana.it\/web\/wp-json\/wp\/v2\/posts"}],"about":[{"href":"https:\/\/www.gruppopdregionetoscana.it\/web\/wp-json\/wp\/v2\/types\/post"}],"author":[{"embeddable":true,"href":"https:\/\/www.gruppopdregionetoscana.it\/web\/wp-json\/wp\/v2\/users\/1"}],"replies":[{"embeddable":true,"href":"https:\/\/www.gruppopdregionetoscana.it\/web\/wp-json\/wp\/v2\/comments?post=16136"}],"version-history":[{"count":0,"href":"https:\/\/www.gruppopdregionetoscana.it\/web\/wp-json\/wp\/v2\/posts\/16136\/revisions"}],"wp:featuredmedia":[{"embeddable":true,"href":"https:\/\/www.gruppopdregionetoscana.it\/web\/wp-json\/wp\/v2\/media\/16137"}],"wp:attachment":[{"href":"https:\/\/www.gruppopdregionetoscana.it\/web\/wp-json\/wp\/v2\/media?parent=16136"}],"wp:term":[{"taxonomy":"category","embeddable":true,"href":"https:\/\/www.gruppopdregionetoscana.it\/web\/wp-json\/wp\/v2\/categories?post=16136"},{"taxonomy":"post_tag","embeddable":true,"href":"https:\/\/www.gruppopdregionetoscana.it\/web\/wp-json\/wp\/v2\/tags?post=16136"}],"curies":[{"name":"wp","href":"https:\/\/api.w.org\/{rel}","templated":true}]}}