{"id":16161,"date":"2017-09-13T15:16:12","date_gmt":"2017-09-13T13:16:12","guid":{"rendered":"http:\/\/www.gruppopdregionetoscana.it\/web\/?p=16161"},"modified":"2017-09-13T15:16:12","modified_gmt":"2017-09-13T13:16:12","slug":"don-biancalani-consiglio-regionale-approva-documento-di-solidarieta-massimo-baldi-la-violenza-si-condanna-sempre","status":"publish","type":"post","link":"https:\/\/www.gruppopdregionetoscana.it\/web\/don-biancalani-consiglio-regionale-approva-documento-di-solidarieta-massimo-baldi-la-violenza-si-condanna-sempre\/","title":{"rendered":"Don Biancalani, Consiglio regionale approva documento di solidariet\u00e0. Massimo Baldi: \u201cLa violenza si condanna sempre\u201d"},"content":{"rendered":"<p><img loading=\"lazy\" decoding=\"async\" class=\"alignleft wp-image-13480\" src=\"http:\/\/www.gruppopdregionetoscana.it\/web\/wp-content\/uploads\/2016\/07\/Massimo2-979x1024.jpg\" alt=\"Massimo2\" width=\"553\" height=\"579\" srcset=\"https:\/\/www.gruppopdregionetoscana.it\/web\/wp-content\/uploads\/2016\/07\/Massimo2-979x1024.jpg 979w, https:\/\/www.gruppopdregionetoscana.it\/web\/wp-content\/uploads\/2016\/07\/Massimo2-287x300.jpg 287w, https:\/\/www.gruppopdregionetoscana.it\/web\/wp-content\/uploads\/2016\/07\/Massimo2.jpg 1400w\" sizes=\"auto, (max-width: 553px) 100vw, 553px\" \/>\u201cSolidariet\u00e0 e condanna della violenza senza se e senza ma\u201d. Sul caso degli insulti e minacce al parroco di Vicofaro, don Massimo Biancalani, il Consiglio regionale discute ed approva una mozione proposta dal consigliere Pd\u00a0<strong>Massimo Baldi<\/strong>\u00a0e firmata anche da\u00a0<strong>Marco Niccolai<\/strong>\u00a0e dal capogruppo\u00a0<strong>Leonardo Marras<\/strong>\u00a0.<\/p>\n<p>Il documento \u201cesprime solidariet\u00e0 nei confronti di don Massimo Biancalani e condanna fermamente le manifestazioni di brutalit\u00e0 e le incitazioni all\u2019odio che trascendono il limite della dialettica e del normale dibattito pubblico\u201d.<\/p>\n<p>E\u2019 stato\u00a0<strong>Massimo Baldi<\/strong>\u00a0a illustrare il documento in aula, partendo da una ricostruzione dei fatti che hanno occupato le cronache locali e nazionali nelle scorse settimane.<\/p>\n<p>\u00abBiancalani ha deciso di dedicare la sua missione pastorale essenzialmente all\u2019accoglienza dei migranti \u2013 ha detto Baldi \u2013 Quello che fa come cittadino e come sacerdote pu\u00f2 essere sottoposto al giudizio della sua coscienza, dei suoi parrocchiani della Diocesi e certamente anche della comunit\u00e0. Ma le critiche o la non condivisione di certe posizioni sono una cosa, la violenza e il linciaggio verbale sono altro. Questo \u00e8 ci\u00f2 che \u00e8 successo, agli attacchi e alle minacce in rete sono seguiti atti concreti di intimidazione, quando alcuni ignoti hanno danneggiato alcune biciclette davanti alla casa del parroco. Poi un\u2019organizzazione neofascista, con parole d&#8217;ordine fasciste e con metodi fascisti, ha preteso di andare a \u201cverificare\u201d in Chiesa il &#8220;tasso di cristianesimo&#8221; di Don Biancalani. Di fronte a questo non ci sono equlibrismi che tengano: siamo chiaramente di fronte alla prepotenza di alcuni aggressori contrapposta all\u2019impotenza di un aggredito. E la violenza \u2013 ha aggiunto Baldi \u2013 si condanna sempre, senza cercare giustificazioni, senza se e senza ma. Come sempre abbiamo fatto, come Pd, in tutti i casi \u2013 ha concluso Baldi \u2013 anche stigmatizzando il comportamento di alcuni \u201cantagonisti\u201d della cosiddetta sinistra \u00a0nei confronti del gruppuscolo di Forza Nuova recatosi nella parrocchia di Vicofaro\u00bb.<\/p>\n","protected":false},"excerpt":{"rendered":"<p>\u201cSolidariet\u00e0 e condanna della violenza senza se e senza ma\u201d. Sul caso degli insulti e minacce al parroco di Vicofaro, don Massimo Biancalani, il Consiglio regionale discute ed approva una mozione proposta dal consigliere Pd\u00a0Massimo Baldi\u00a0e firmata anche da\u00a0Marco Niccolai\u00a0e dal capogruppo\u00a0Leonardo Marras\u00a0. Il documento \u201cesprime solidariet\u00e0 nei confronti di don Massimo Biancalani e condanna [&hellip;]<\/p>\n","protected":false},"author":1,"featured_media":16162,"comment_status":"closed","ping_status":"closed","sticky":false,"template":"","format":"standard","meta":{"_jetpack_memberships_contains_paid_content":false,"footnotes":""},"categories":[30,959],"tags":[],"class_list":{"0":"post-16161","1":"post","2":"type-post","3":"status-publish","4":"format-standard","5":"has-post-thumbnail","7":"category-comunicati-stampa","8":"category-massimo-baldi","9":"czr-hentry"},"jetpack_featured_media_url":"https:\/\/www.gruppopdregionetoscana.it\/web\/wp-content\/uploads\/2017\/09\/chiesavicofaro.jpg","jetpack_sharing_enabled":true,"_links":{"self":[{"href":"https:\/\/www.gruppopdregionetoscana.it\/web\/wp-json\/wp\/v2\/posts\/16161","targetHints":{"allow":["GET"]}}],"collection":[{"href":"https:\/\/www.gruppopdregionetoscana.it\/web\/wp-json\/wp\/v2\/posts"}],"about":[{"href":"https:\/\/www.gruppopdregionetoscana.it\/web\/wp-json\/wp\/v2\/types\/post"}],"author":[{"embeddable":true,"href":"https:\/\/www.gruppopdregionetoscana.it\/web\/wp-json\/wp\/v2\/users\/1"}],"replies":[{"embeddable":true,"href":"https:\/\/www.gruppopdregionetoscana.it\/web\/wp-json\/wp\/v2\/comments?post=16161"}],"version-history":[{"count":0,"href":"https:\/\/www.gruppopdregionetoscana.it\/web\/wp-json\/wp\/v2\/posts\/16161\/revisions"}],"wp:featuredmedia":[{"embeddable":true,"href":"https:\/\/www.gruppopdregionetoscana.it\/web\/wp-json\/wp\/v2\/media\/16162"}],"wp:attachment":[{"href":"https:\/\/www.gruppopdregionetoscana.it\/web\/wp-json\/wp\/v2\/media?parent=16161"}],"wp:term":[{"taxonomy":"category","embeddable":true,"href":"https:\/\/www.gruppopdregionetoscana.it\/web\/wp-json\/wp\/v2\/categories?post=16161"},{"taxonomy":"post_tag","embeddable":true,"href":"https:\/\/www.gruppopdregionetoscana.it\/web\/wp-json\/wp\/v2\/tags?post=16161"}],"curies":[{"name":"wp","href":"https:\/\/api.w.org\/{rel}","templated":true}]}}