{"id":16164,"date":"2017-09-14T13:35:15","date_gmt":"2017-09-14T11:35:15","guid":{"rendered":"http:\/\/www.gruppopdregionetoscana.it\/web\/?p=16164"},"modified":"2017-09-14T13:35:15","modified_gmt":"2017-09-14T11:35:15","slug":"carceri-monni-nardini-vadi-e-gazzetti-visitano-il-don-bosco-di-pisa","status":"publish","type":"post","link":"https:\/\/www.gruppopdregionetoscana.it\/web\/carceri-monni-nardini-vadi-e-gazzetti-visitano-il-don-bosco-di-pisa\/","title":{"rendered":"Carceri, Monni, Nardini, Vadi e Gazzetti  visitano il  Don Bosco di Pisa"},"content":{"rendered":"<p><b><i><span style=\"font-family: 'Georgia','serif'; font-size: 12pt;\"><span style=\"color: #000000;\"><b><i><span style=\"font-family: 'Georgia','serif'; font-size: 12pt;\"><span style=\"color: #000000;\">Proseguono le visite ne della delegazione del Pd in Regione. L\u2019iniziativa rientra nel progetto Il Posto delle Donne<\/span><\/span><\/i><\/b><\/span><\/span><\/i><\/b><\/p>\n<p><span style=\"font-family: 'Georgia','serif'; font-size: 12pt;\"><span style=\"color: #000000;\"><span style=\"font-family: 'Georgia','serif'; font-size: 12pt;\"><span style=\"color: #000000;\">Dopo il carcere di Sollicciano una delegazione del progetto del <strong>Pd in Regione\u00a0 &#8220;Il Posto delle Donne<\/strong><\/span><span style=\"color: #000000;\"><strong>&#8220;<\/strong> ha fatto visita nei giorni scorsi anche alla casa circondariale &#8220;Don Bosco&#8221; di Pisa. Ad incontrare il direttore Fabio Prestopino sono state la <\/span><span style=\"color: #000000;\">vice presidente del gruppo <strong>Pd Monia Monni, le consigliere Alessandra Nardini e Valentina Vadi ed al consigliere Francesco Gazzetti<\/strong><\/span><span style=\"color: #000000;\"><strong>.<\/strong> &#8220;Ringraziamo il Direttore ed il personale della polizia penitenziaria per la loro cortesia e disponibilit\u00e0 &#8211; hanno dichiarato a fine visita i componenti della delegazione &#8211; per noi \u00e8 stata un&#8217;occasione importante per approfondire alcune tematiche e per toccare con mano necessit\u00e0 molto concrete&#8221;.<br \/>\n<\/span><span style=\"color: #000000;\"><br \/>\nLa delegazione del &#8220;Posto delle donne&#8221;, cos\u00ec come era accaduto anche a Sollicciano, dopo l&#8217;incontro con il Direttore, ha visitato la sezione femminile, raccogliendo elementi e spunti che saranno al centro di una serie di proposte che verranno elaborate e presentate nelle prossime settimane.<\/p>\n<p>&#8220;Nonostante gli sforzi e l&#8217;impegno della direzione del carcere &#8211; sottolinea la delegazione &#8211; al &#8220;Don Bosco&#8221; emergono evidenti alcuni problemi strutturali che condizionano la vita quotidiana di chi vi si ritrova in stato di detenzione. Pensiamo, ad esempio, ai bagni delle celle della sezione femminile i cui servizi igienici sono praticamente a vista&#8221;. A questo si aggiungono problematiche, come le ristrettezze di personale, che complicano lo svolgimento delle attivit\u00e0 di sorveglianza. Per quanto riguarda le attivit\u00e0 presenti all&#8217;interno della casa circondariale emerge, ad esempio, la necessit\u00e0 di implementare progetti di mediazione culturale che si potrebbero aggiungere ad una gi\u00e0 rilevante ed importante serie di iniziative che dimostrano, da tempo, l&#8217;attenzione del territorio al &#8220;pianeta&#8221; carcere.<\/p>\n<p>Ma anche in questo ambito \u00e8 la questione strutturale quella che emerge come davvero prioritaria. Un aspetto gi\u00e0 emerso anche a Sollicciano e che necessita di un interesse ancora pi\u00f9 mirato e preciso da parte dell&#8217;amministrazione penitenziaria nazionale. Da segnalare come recentemente, a seguito della protesta verificatasi proprio nel carcere di Pisa nelle ore successive al suicidio di un detenuto, sia voluto essere presente al &#8220;Don Bosco&#8221; lo stesso Santi Consolo, direttore del Dipartimento dell&#8217;amministrazione penitenziaria. Un segnale di attenzione che in molti sperano possa essere replicato anche in relazione alle altre necessit\u00e0 della casa circondariale di Pisa.<\/p>\n<p>&#8220;La nostra visita &#8211; <\/span><span style=\"color: #000000;\">aggiungono\u00a0 <strong>Monni, Nardini, Vadi e Gazzetti<\/strong><\/span><span style=\"color: #000000;\"> &#8211; aveva la finalit\u00e0 di proseguire le attivit\u00e0 che rientrano nel progetto &#8220;Il Posto delle Donne&#8221; ma gli elementi generali, raccolti e riscontrati, entrano nel nostro bagaglio di conoscenze. Spunti che metteremo a disposizione della riflessione pi\u00f9 complessiva del nostro gruppo consiliare anche per essere di supporto alle dinamiche che per competenze dirette potranno essere promosse. Come &#8220;Posto delle Donne&#8221; &#8211; concludono i componenti della delegazione &#8211; la nostra presenza nelle carceri toscane proseguir\u00e0. Abbiamo gi\u00e0 in programma le prossime tappe ed anche una serie di incontri che serviranno a calibrare meglio le nostre proposte. Il carcere, infatti, per noi rappresenta un luogo delle nostre citt\u00e0 e dunque \u00e8, a tutti gli effetti, un &#8220;Posto delle Donne&#8221;, nel quale ogni singolo investimento, anche e soprattutto nel settore della mediazione, rappresenta un investimento in sicurezza&#8221;.<\/span><\/span><\/span><\/span><\/p>\n<p><span style=\"font-family: 'Georgia','serif'; font-size: 12pt;\"><span style=\"color: #000000;\">\u00a0<\/span><\/span><\/p>\n<p>&nbsp;<\/p>\n","protected":false},"excerpt":{"rendered":"<p>Proseguono le visite ne della delegazione del Pd in Regione. L\u2019iniziativa rientra nel progetto Il Posto delle Donne Dopo il carcere di Sollicciano una delegazione del progetto del Pd in Regione\u00a0 &#8220;Il Posto delle Donne&#8220; ha fatto visita nei giorni scorsi anche alla casa circondariale &#8220;Don Bosco&#8221; di Pisa. Ad incontrare il direttore Fabio Prestopino [&hellip;]<\/p>\n","protected":false},"author":1,"featured_media":16165,"comment_status":"closed","ping_status":"closed","sticky":false,"template":"","format":"standard","meta":{"_jetpack_memberships_contains_paid_content":false,"footnotes":""},"categories":[968,30,1002,955,974],"tags":[],"class_list":{"0":"post-16164","1":"post","2":"type-post","3":"status-publish","4":"format-standard","5":"has-post-thumbnail","7":"category-alessandra-nardini","8":"category-comunicati-stampa","9":"category-francesco-gazzetti","10":"category-monia-monni","11":"category-valentina-vadi","12":"czr-hentry"},"jetpack_featured_media_url":"https:\/\/www.gruppopdregionetoscana.it\/web\/wp-content\/uploads\/2017\/09\/Pisacarceri.jpg","jetpack_sharing_enabled":true,"_links":{"self":[{"href":"https:\/\/www.gruppopdregionetoscana.it\/web\/wp-json\/wp\/v2\/posts\/16164","targetHints":{"allow":["GET"]}}],"collection":[{"href":"https:\/\/www.gruppopdregionetoscana.it\/web\/wp-json\/wp\/v2\/posts"}],"about":[{"href":"https:\/\/www.gruppopdregionetoscana.it\/web\/wp-json\/wp\/v2\/types\/post"}],"author":[{"embeddable":true,"href":"https:\/\/www.gruppopdregionetoscana.it\/web\/wp-json\/wp\/v2\/users\/1"}],"replies":[{"embeddable":true,"href":"https:\/\/www.gruppopdregionetoscana.it\/web\/wp-json\/wp\/v2\/comments?post=16164"}],"version-history":[{"count":0,"href":"https:\/\/www.gruppopdregionetoscana.it\/web\/wp-json\/wp\/v2\/posts\/16164\/revisions"}],"wp:featuredmedia":[{"embeddable":true,"href":"https:\/\/www.gruppopdregionetoscana.it\/web\/wp-json\/wp\/v2\/media\/16165"}],"wp:attachment":[{"href":"https:\/\/www.gruppopdregionetoscana.it\/web\/wp-json\/wp\/v2\/media?parent=16164"}],"wp:term":[{"taxonomy":"category","embeddable":true,"href":"https:\/\/www.gruppopdregionetoscana.it\/web\/wp-json\/wp\/v2\/categories?post=16164"},{"taxonomy":"post_tag","embeddable":true,"href":"https:\/\/www.gruppopdregionetoscana.it\/web\/wp-json\/wp\/v2\/tags?post=16164"}],"curies":[{"name":"wp","href":"https:\/\/api.w.org\/{rel}","templated":true}]}}