{"id":16223,"date":"2017-09-27T11:50:53","date_gmt":"2017-09-27T09:50:53","guid":{"rendered":"http:\/\/www.gruppopdregionetoscana.it\/web\/?p=16223"},"modified":"2017-09-27T11:50:53","modified_gmt":"2017-09-27T09:50:53","slug":"finanza-via-libera-a-defr-in-consiglio-regionale-novita-progetto-articolato-su-poverta-e-inclusione-sociale","status":"publish","type":"post","link":"https:\/\/www.gruppopdregionetoscana.it\/web\/finanza-via-libera-a-defr-in-consiglio-regionale-novita-progetto-articolato-su-poverta-e-inclusione-sociale\/","title":{"rendered":"Finanza, via libera a DEFR in Consiglio regionale: novit\u00e0 progetto articolato su povert\u00e0 e inclusione sociale"},"content":{"rendered":"<p><strong><img loading=\"lazy\" decoding=\"async\" class=\"size-medium wp-image-16224 alignleft\" src=\"http:\/\/www.gruppopdregionetoscana.it\/web\/wp-content\/uploads\/2017\/09\/mani2-300x200.jpg\" alt=\"mani2\" width=\"300\" height=\"200\" srcset=\"https:\/\/www.gruppopdregionetoscana.it\/web\/wp-content\/uploads\/2017\/09\/mani2-300x200.jpg 300w, https:\/\/www.gruppopdregionetoscana.it\/web\/wp-content\/uploads\/2017\/09\/mani2.jpg 900w\" sizes=\"auto, (max-width: 300px) 100vw, 300px\" \/><\/strong><em>Gli interventi del presidente commissione Affari istituzionali Giacomo Bugliani e del consigliere regionale e componente I commissione Massimo Baldi nell\u2019ambito dell\u2019illustrazione del Documento di economia e finanza regionale; l\u2019atto sul piano programmatico individua le priorit\u00e0 da realizzare nell&#8217;anno mentre sul piano finanziario ha valenza di documento preliminare alla manovra<\/em><\/p>\n<p>&nbsp;<\/p>\n<p>Via libera dal Consiglio regionale al DEFR, Documento di economia e finanza regionale 2018. Sul piano programmatico, il Documento individua le priorit\u00e0 da realizzare nell&#8217;anno e, sul piano finanziario, acquista la natura di documento preliminare alla manovra. La novit\u00e0 sul piano programmatico \u00e8 il progetto di lotta alla povert\u00e0 e inclusione sociale, con quattro linee d&#8217;intervento: l&#8217;inclusione lavorativa delle persone svantaggiate; un piano integrato per l&#8217;occupazione, rivolto prioritariamente alle aree di crisi, con un sostegno al reddito e l&#8217;assistenza intensiva per la ricollocazione; interventi sull&#8217;accesso all&#8217;abitazione, con maggiore offerta di alloggi di edilizia residenziale pubblica e sostegno alle famiglie che si trovano in alloggi a canoni di mercato o in situazioni di sfratto per morosit\u00e0 incolpevole; politiche scolastiche specifiche: il sostegno al sistema regionale dei nidi, progetti educativi zonali rivolti a famiglie a basso reddito, progetti per combattere la dispersione scolastica, benefici economici per gli studenti a basso reddito.<\/p>\n<p>&nbsp;<\/p>\n<p>\u201cIl quadro delle risorse finanziarie ammonta complessivamente a\u00a0 circa 9 miliardi e 300 milioni, il Fondo sanitario \u00e8 pari a circa 6 miliardi e 900 milioni di euro mentre le risorse disponibili per i progetti sono di circa 1 miliardo e 800 milioni di euro.\u00a0 \u2013 ha spiegato <strong>Giacomo Bugliani<\/strong>, presidente commissione Affari istituzionali \u2013 Per compensare la riduzione delle entrate regionali da fonte tributaria si punter\u00e0 a rendere pi\u00f9 efficiente il sistema di riscossione delle entrate, contrastando illegalit\u00e0 ed evasione fiscale. Obiettivi cruciali a cui si aggiunge la ferma volont\u00e0 di proseguire la sana pratica del contenimento dell\u2019indebitamento. L\u2019aspetto pi\u00f9 rilevante di questo documento programmatico \u00e8 l\u2019attenzione che viene data a povert\u00e0 e inclusione sociale, con un progetto mirato a dare risposte concrete laddove i problemi sono concreti e urgenti. Da un lato quindi si contrasta il disagio sociale dall\u2019altro per\u00f2 si punta al reinserimento lavorativo dei soggetti in difficolt\u00e0. Una strategia elaborata quindi che mette la Toscana all\u2019avanguardia a livello nazionale su questo tema\u201d.<\/p>\n<p>&nbsp;<\/p>\n<p>\u201cIl DEFR 2018 conferma l\u2019impostazione strategica del PRS 2016-2020 e prosegue nel perseguire una duplice finalit\u00e0, da un lato continuare a favorire lo sviluppo dell\u2019economia, attraverso il riavvio degli investimenti,\u00a0 e nel contempo fronteggiare le situazioni di disagio che derivano dagli effetti di una crisi che ha colpito forze importanti per lo sviluppo della Toscana. \u2013 ha fatto presente <strong>Massimo Baldi<\/strong>, consigliere regionale Pd e componente commissione Affari istituzionali \u2013 Siamo convinti che il modello che stiamo portando avanti sia quello giusto per lo sviluppo della Toscana. Siamo anche consapevoli che non ci sia miglior welfare di un\u2019economia che cresce per questo l\u2019obiettivo fondante \u00e8 puntare alla ripresa con investimenti ad hoc ma sappiamo anche che nessuno va lasciato indietro e per questo abbiamo messo in campo un progetto lungimirante su povert\u00e0 e inclusione sociale\u201d.<\/p>\n","protected":false},"excerpt":{"rendered":"<p>Gli interventi del presidente commissione Affari istituzionali Giacomo Bugliani e del consigliere regionale e componente I commissione Massimo Baldi nell\u2019ambito dell\u2019illustrazione del Documento di economia e finanza regionale; l\u2019atto sul piano programmatico individua le priorit\u00e0 da realizzare nell&#8217;anno mentre sul piano finanziario ha valenza di documento preliminare alla manovra &nbsp; Via libera dal Consiglio regionale [&hellip;]<\/p>\n","protected":false},"author":1,"featured_media":16224,"comment_status":"closed","ping_status":"closed","sticky":false,"template":"","format":"standard","meta":{"_jetpack_memberships_contains_paid_content":false,"footnotes":""},"categories":[30,961,959],"tags":[1832,104,1833,790],"class_list":{"0":"post-16223","1":"post","2":"type-post","3":"status-publish","4":"format-standard","5":"has-post-thumbnail","7":"category-comunicati-stampa","8":"category-giacomo-bugliani","9":"category-massimo-baldi","10":"tag-defr","11":"tag-economia","12":"tag-finanza","13":"tag-poverta","14":"czr-hentry"},"jetpack_featured_media_url":"https:\/\/www.gruppopdregionetoscana.it\/web\/wp-content\/uploads\/2017\/09\/mani2.jpg","jetpack_sharing_enabled":true,"_links":{"self":[{"href":"https:\/\/www.gruppopdregionetoscana.it\/web\/wp-json\/wp\/v2\/posts\/16223","targetHints":{"allow":["GET"]}}],"collection":[{"href":"https:\/\/www.gruppopdregionetoscana.it\/web\/wp-json\/wp\/v2\/posts"}],"about":[{"href":"https:\/\/www.gruppopdregionetoscana.it\/web\/wp-json\/wp\/v2\/types\/post"}],"author":[{"embeddable":true,"href":"https:\/\/www.gruppopdregionetoscana.it\/web\/wp-json\/wp\/v2\/users\/1"}],"replies":[{"embeddable":true,"href":"https:\/\/www.gruppopdregionetoscana.it\/web\/wp-json\/wp\/v2\/comments?post=16223"}],"version-history":[{"count":0,"href":"https:\/\/www.gruppopdregionetoscana.it\/web\/wp-json\/wp\/v2\/posts\/16223\/revisions"}],"wp:featuredmedia":[{"embeddable":true,"href":"https:\/\/www.gruppopdregionetoscana.it\/web\/wp-json\/wp\/v2\/media\/16224"}],"wp:attachment":[{"href":"https:\/\/www.gruppopdregionetoscana.it\/web\/wp-json\/wp\/v2\/media?parent=16223"}],"wp:term":[{"taxonomy":"category","embeddable":true,"href":"https:\/\/www.gruppopdregionetoscana.it\/web\/wp-json\/wp\/v2\/categories?post=16223"},{"taxonomy":"post_tag","embeddable":true,"href":"https:\/\/www.gruppopdregionetoscana.it\/web\/wp-json\/wp\/v2\/tags?post=16223"}],"curies":[{"name":"wp","href":"https:\/\/api.w.org\/{rel}","templated":true}]}}