{"id":16432,"date":"2017-11-09T12:31:18","date_gmt":"2017-11-09T11:31:18","guid":{"rendered":"http:\/\/www.gruppopdregionetoscana.it\/web\/?p=16432"},"modified":"2017-11-09T12:31:18","modified_gmt":"2017-11-09T11:31:18","slug":"siglato-accordo-di-programma-massa-carrara-bugliani-pd-momento-di-svolta-per-il-nostro-territorio","status":"publish","type":"post","link":"https:\/\/www.gruppopdregionetoscana.it\/web\/siglato-accordo-di-programma-massa-carrara-bugliani-pd-momento-di-svolta-per-il-nostro-territorio\/","title":{"rendered":"Siglato accordo di programma Massa Carrara. Bugliani (Pd): \u201cMomento di svolta per il nostro territorio\u201d"},"content":{"rendered":"<p><img loading=\"lazy\" decoding=\"async\" class=\"size-full wp-image-16433 alignleft\" src=\"http:\/\/www.gruppopdregionetoscana.it\/web\/wp-content\/uploads\/2017\/11\/Provincia-Massa-Carrara.jpg\" alt=\"Provincia Massa Carrara\" width=\"152\" height=\"130\" srcset=\"https:\/\/www.gruppopdregionetoscana.it\/web\/wp-content\/uploads\/2017\/11\/Provincia-Massa-Carrara.jpg 152w, https:\/\/www.gruppopdregionetoscana.it\/web\/wp-content\/uploads\/2017\/11\/Provincia-Massa-Carrara-151x130.jpg 151w\" sizes=\"auto, (max-width: 152px) 100vw, 152px\" \/>\u201cFinalmente si \u00e8 concretizzata la firma dell\u2019accordo di programma per Massa Carrara, primo in Italia per le aree di crisi semplice. Non posso che essere soddisfatto dell\u2019impegno della Regione Toscana che in questo modo fa da apripista e della volont\u00e0 del Governo di venire incontro a una richiesta fortemente sentita, concretizzando un\u2019azione decisamente auspicata. Oggi \u00e8 un giorno di svolta per il nostro territorio, dal momento che quest\u2019accordo consentir\u00e0 lo sblocco di risorse propulsive allo sviluppo, per un totale di 10,43 milioni di euro, di cui 5,43 a carico del Mise e 5 della Regione Toscana. Sappiamo bene quanto l\u2019area apuana abbia risentito in maniera pi\u00f9 pesante degli effetti della crisi economica e quanto abbia come e pi\u00f9 del resto della Toscana bisogno di interventi decisi per stimolare la ripresa. Questo \u00e8 un passo decisivo in questo senso, era quello che aspettavamo da tempo\u201d.<\/p>\n<p>Cos\u00ec <strong>Giacomo Bugliani<\/strong>, consigliere regionale Pd, in merito alla firma dell\u2019accordo di programma per Massa Carrara.<\/p>\n<p>&nbsp;<\/p>\n","protected":false},"excerpt":{"rendered":"<p>\u201cFinalmente si \u00e8 concretizzata la firma dell\u2019accordo di programma per Massa Carrara, primo in Italia per le aree di crisi semplice. Non posso che essere soddisfatto dell\u2019impegno della Regione Toscana che in questo modo fa da apripista e della volont\u00e0 del Governo di venire incontro a una richiesta fortemente sentita, concretizzando un\u2019azione decisamente auspicata. Oggi [&hellip;]<\/p>\n","protected":false},"author":1,"featured_media":16433,"comment_status":"closed","ping_status":"closed","sticky":false,"template":"","format":"standard","meta":{"_jetpack_memberships_contains_paid_content":false,"footnotes":""},"categories":[30,961],"tags":[1836,105,270,444],"class_list":{"0":"post-16432","1":"post","2":"type-post","3":"status-publish","4":"format-standard","5":"has-post-thumbnail","7":"category-comunicati-stampa","8":"category-giacomo-bugliani","9":"tag-area-di-crisi","10":"tag-lavoro","11":"tag-massa","12":"tag-sviluppo","13":"czr-hentry"},"jetpack_featured_media_url":"https:\/\/www.gruppopdregionetoscana.it\/web\/wp-content\/uploads\/2017\/11\/Provincia-Massa-Carrara.jpg","jetpack_sharing_enabled":true,"_links":{"self":[{"href":"https:\/\/www.gruppopdregionetoscana.it\/web\/wp-json\/wp\/v2\/posts\/16432","targetHints":{"allow":["GET"]}}],"collection":[{"href":"https:\/\/www.gruppopdregionetoscana.it\/web\/wp-json\/wp\/v2\/posts"}],"about":[{"href":"https:\/\/www.gruppopdregionetoscana.it\/web\/wp-json\/wp\/v2\/types\/post"}],"author":[{"embeddable":true,"href":"https:\/\/www.gruppopdregionetoscana.it\/web\/wp-json\/wp\/v2\/users\/1"}],"replies":[{"embeddable":true,"href":"https:\/\/www.gruppopdregionetoscana.it\/web\/wp-json\/wp\/v2\/comments?post=16432"}],"version-history":[{"count":0,"href":"https:\/\/www.gruppopdregionetoscana.it\/web\/wp-json\/wp\/v2\/posts\/16432\/revisions"}],"wp:featuredmedia":[{"embeddable":true,"href":"https:\/\/www.gruppopdregionetoscana.it\/web\/wp-json\/wp\/v2\/media\/16433"}],"wp:attachment":[{"href":"https:\/\/www.gruppopdregionetoscana.it\/web\/wp-json\/wp\/v2\/media?parent=16432"}],"wp:term":[{"taxonomy":"category","embeddable":true,"href":"https:\/\/www.gruppopdregionetoscana.it\/web\/wp-json\/wp\/v2\/categories?post=16432"},{"taxonomy":"post_tag","embeddable":true,"href":"https:\/\/www.gruppopdregionetoscana.it\/web\/wp-json\/wp\/v2\/tags?post=16432"}],"curies":[{"name":"wp","href":"https:\/\/api.w.org\/{rel}","templated":true}]}}