{"id":16486,"date":"2017-11-27T10:39:29","date_gmt":"2017-11-27T09:39:29","guid":{"rendered":"http:\/\/www.gruppopdregionetoscana.it\/web\/?p=16486"},"modified":"2017-11-27T10:39:29","modified_gmt":"2017-11-27T09:39:29","slug":"sovraffollamento-treni-regionali-interrogazione-di-giacomo-bugliani","status":"publish","type":"post","link":"https:\/\/www.gruppopdregionetoscana.it\/web\/sovraffollamento-treni-regionali-interrogazione-di-giacomo-bugliani\/","title":{"rendered":"Sovraffollamento treni regionali, interrogazione di Giacomo Bugliani"},"content":{"rendered":"<p><img loading=\"lazy\" decoding=\"async\" class=\"size-medium wp-image-15041 alignleft\" src=\"http:\/\/www.gruppopdregionetoscana.it\/web\/wp-content\/uploads\/2017\/02\/Bugliani-new-210x300.jpg\" alt=\"Giacomo Bugliani\" width=\"210\" height=\"300\" srcset=\"https:\/\/www.gruppopdregionetoscana.it\/web\/wp-content\/uploads\/2017\/02\/Bugliani-new-210x300.jpg 210w, https:\/\/www.gruppopdregionetoscana.it\/web\/wp-content\/uploads\/2017\/02\/Bugliani-new.jpg 536w\" sizes=\"auto, (max-width: 210px) 100vw, 210px\" \/>Effettuare uno studio puntuale per conoscere con sicurezza le tratte in cui si verifica maggiore affollamento e intraprendere azioni precise per aumentare la capacit\u00e0 di trasporto dei treni che presentano maggiori criticit\u00e0. \u00c8 ci\u00f2 che chiede alla Giunta regionale <strong>Giacomo Bugliani<\/strong>, consigliere regionale Pd e presidente commissione Affari istituzionali, con l\u2019interrogazione <strong><em>\u201cin merito alle azioni finalizzate a ridurre il sovraffollamento dei treni regionali\u201d<\/em><\/strong>. Un provvedimento che nasce anche dalle criticit\u00e0 emerse nei giorni scorsi con il treno 33111, che percorre la linea tirrenica e raccoglie numerosi studenti e pendolari diretti a Pisa, al quale \u00e8 stato affiancato un convoglio straordinario destinato a alleviare i congestionamenti lamentati dagli utenti, anche a causa di lavori lungo la tratta.<\/p>\n<p>&nbsp;<\/p>\n<p>\u201cIl numero dei pendolari in transito sulle linee ferroviarie regionali \u00e8 in costante aumento, secondi i dati del Rapporto Legambiente Pendolaria lo scorso anno si \u00e8 raggiunto la quota di 234 mila viaggiatori giornalieri. \u2013 spiega Bugliani \u2013 In alcuni treni e in fasce orarie precise sono emersi pi\u00f9 volte gravi problemi relativi al sovraffollamento, in particolare nei giorni scorsi \u00e8 capitato al treno 33111 che percorre la linea tirrenica. Trenitalia, dopo un confronto proficuo e immediato con la Regione, ha proposto la soluzione di affiancare a quest\u2019ultimo un convoglio straordinario, per ovviare ai disagi causati dai lavori lungo la tratta e dallo straordinario incremento di utenti, soprattutto studenti dell\u2019Universit\u00e0 di Pisa. Una risposta importante e doverosa viste le condizioni di disagio a cui questi cittadini erano stati costretti. Interventi del genere potrebbero diventare strutturali, una volta appurata la loro necessit\u00e0 e urgenza, in tratte o orari in cui maggiormente si verificano criticit\u00e0 relative all\u2019alto numero di pendolari. Con questo obiettivo sarebbe utile predisporre uno studio puntuale, in collaborazione con Trenitalia, in grado di verificare i livelli di affluenza dei pendolari sulle varie tratte e le fasce orarie di maggiore concentrazione, anche in considerazione dell\u2019adeguatezza dei treni messi a disposizione. Sulla base di questo strumento quindi si potrebbe valutare con certezza come poter intervenire, se con un\u2019implementazione della flotta o modifiche alle composizioni dei treni\u201d.<\/p>\n<p>&nbsp;<\/p>\n<p>\u201cCos\u00ec ho sollecitato su questo tema la Giunta regionale, con un\u2019interrogazione volta proprio a avere un quadro delle azioni in campo e di quelle che si intendono realizzare, per aumentare la capacit\u00e0 di trasporto dei treni nelle tratte in cui\u00a0 \u00e8 emersa in modo maggiore la problematica del sovraffollamento\u201d, conclude Bugliani.<\/p>\n<p>&nbsp;<\/p>\n","protected":false},"excerpt":{"rendered":"<p>Effettuare uno studio puntuale per conoscere con sicurezza le tratte in cui si verifica maggiore affollamento e intraprendere azioni precise per aumentare la capacit\u00e0 di trasporto dei treni che presentano maggiori criticit\u00e0. \u00c8 ci\u00f2 che chiede alla Giunta regionale Giacomo Bugliani, consigliere regionale Pd e presidente commissione Affari istituzionali, con l\u2019interrogazione \u201cin merito alle azioni [&hellip;]<\/p>\n","protected":false},"author":1,"featured_media":15041,"comment_status":"closed","ping_status":"closed","sticky":false,"template":"","format":"standard","meta":{"_jetpack_memberships_contains_paid_content":false,"footnotes":""},"categories":[30,961],"tags":[235,269,314,464],"class_list":{"0":"post-16486","1":"post","2":"type-post","3":"status-publish","4":"format-standard","5":"has-post-thumbnail","7":"category-comunicati-stampa","8":"category-giacomo-bugliani","9":"tag-pendolari","10":"tag-sovraffollamento","11":"tag-trasporti","12":"tag-treni","13":"czr-hentry"},"jetpack_featured_media_url":"https:\/\/www.gruppopdregionetoscana.it\/web\/wp-content\/uploads\/2017\/02\/Bugliani-new.jpg","jetpack_sharing_enabled":true,"_links":{"self":[{"href":"https:\/\/www.gruppopdregionetoscana.it\/web\/wp-json\/wp\/v2\/posts\/16486","targetHints":{"allow":["GET"]}}],"collection":[{"href":"https:\/\/www.gruppopdregionetoscana.it\/web\/wp-json\/wp\/v2\/posts"}],"about":[{"href":"https:\/\/www.gruppopdregionetoscana.it\/web\/wp-json\/wp\/v2\/types\/post"}],"author":[{"embeddable":true,"href":"https:\/\/www.gruppopdregionetoscana.it\/web\/wp-json\/wp\/v2\/users\/1"}],"replies":[{"embeddable":true,"href":"https:\/\/www.gruppopdregionetoscana.it\/web\/wp-json\/wp\/v2\/comments?post=16486"}],"version-history":[{"count":0,"href":"https:\/\/www.gruppopdregionetoscana.it\/web\/wp-json\/wp\/v2\/posts\/16486\/revisions"}],"wp:featuredmedia":[{"embeddable":true,"href":"https:\/\/www.gruppopdregionetoscana.it\/web\/wp-json\/wp\/v2\/media\/15041"}],"wp:attachment":[{"href":"https:\/\/www.gruppopdregionetoscana.it\/web\/wp-json\/wp\/v2\/media?parent=16486"}],"wp:term":[{"taxonomy":"category","embeddable":true,"href":"https:\/\/www.gruppopdregionetoscana.it\/web\/wp-json\/wp\/v2\/categories?post=16486"},{"taxonomy":"post_tag","embeddable":true,"href":"https:\/\/www.gruppopdregionetoscana.it\/web\/wp-json\/wp\/v2\/tags?post=16486"}],"curies":[{"name":"wp","href":"https:\/\/api.w.org\/{rel}","templated":true}]}}