{"id":16550,"date":"2017-12-13T14:37:04","date_gmt":"2017-12-13T13:37:04","guid":{"rendered":"http:\/\/www.gruppopdregionetoscana.it\/web\/?p=16550"},"modified":"2017-12-13T14:37:36","modified_gmt":"2017-12-13T13:37:36","slug":"maltempo-provincia-di-lucca-e-lunigiana-baccelli-pd-regione-tempestiva-con-stato-di-emergenza-ottimo-lavoro-dei-sindaci-e-della-protezione-civile","status":"publish","type":"post","link":"https:\/\/www.gruppopdregionetoscana.it\/web\/maltempo-provincia-di-lucca-e-lunigiana-baccelli-pd-regione-tempestiva-con-stato-di-emergenza-ottimo-lavoro-dei-sindaci-e-della-protezione-civile\/","title":{"rendered":"Maltempo provincia di Lucca e Lunigiana, Baccelli (Pd): \u201cRegione tempestiva con stato di emergenza, ottimo lavoro dei sindaci e della Protezione civile\u201d"},"content":{"rendered":"<p><em>Il presidente della commissione Ambiente plaude alla decisione di dichiarare stato di emergenza regionale dopo i gravi episodi di maltempo di questi giorni ed al coordinamento di tutti i soggetti coinvolti<\/em><\/p>\n<p>\u201cImportante e tempestiva la scelta della Regione Toscana di dichiarare lo stato di emergenza per quanto accaduto in Lunigiana e nella provincia di Lucca. Sappiamo bene che dobbiamo essere in grado di fronteggiare gravi ondate di maltempo e mettere in campo a stretto giro tutte le forze utili a poter affrontare situazioni complesse. In questa situazione la Regione ha dimostrato di esserci e con questa decisione potr\u00e0 quindi reagire come meglio si conf\u00e0 all\u2019accaduto, rendendosi in grado di stanziare le risorse adeguate per fronteggiare le criticit\u00e0. Bene hanno fatto, inoltre, i sindaci dei territori colpiti a adottare le misure preventive pi\u00f9 opportune, dimostrandosi nel contempo pronti e accorti, immediatamente al loro posto nella cabina di regia. Cos\u00ec come un plauso va alla Protezione civile coordinata da Prefettura e provincia che \u00e8 intervenuta celermente e nel modo migliore. La priorit\u00e0 ora \u00e8 sostenere le zone colpite dal maltempo e fare il massimo perch\u00e9 sia superata questa condizione emergenziale\u201d. Cos\u00ec <strong>Stefano Baccelli<\/strong>, consigliere regionale Pd e presidente commissione Ambiente e territorio, in merito alla dichiarazione di stato di emergenza regionale per il maltempo.<\/p>\n","protected":false},"excerpt":{"rendered":"<p>Il presidente della commissione Ambiente plaude alla decisione di dichiarare stato di emergenza regionale dopo i gravi episodi di maltempo di questi giorni ed al coordinamento di tutti i soggetti coinvolti \u201cImportante e tempestiva la scelta della Regione Toscana di dichiarare lo stato di emergenza per quanto accaduto in Lunigiana e nella provincia di Lucca. [&hellip;]<\/p>\n","protected":false},"author":1,"featured_media":16553,"comment_status":"closed","ping_status":"closed","sticky":false,"template":"","format":"standard","meta":{"_jetpack_memberships_contains_paid_content":false,"footnotes":""},"categories":[30,958],"tags":[],"class_list":{"0":"post-16550","1":"post","2":"type-post","3":"status-publish","4":"format-standard","5":"has-post-thumbnail","7":"category-comunicati-stampa","8":"category-stefano-baccelli","9":"czr-hentry"},"jetpack_featured_media_url":"https:\/\/www.gruppopdregionetoscana.it\/web\/wp-content\/uploads\/2017\/12\/maltempo-garfagnana-2017.jpg","jetpack_sharing_enabled":true,"_links":{"self":[{"href":"https:\/\/www.gruppopdregionetoscana.it\/web\/wp-json\/wp\/v2\/posts\/16550","targetHints":{"allow":["GET"]}}],"collection":[{"href":"https:\/\/www.gruppopdregionetoscana.it\/web\/wp-json\/wp\/v2\/posts"}],"about":[{"href":"https:\/\/www.gruppopdregionetoscana.it\/web\/wp-json\/wp\/v2\/types\/post"}],"author":[{"embeddable":true,"href":"https:\/\/www.gruppopdregionetoscana.it\/web\/wp-json\/wp\/v2\/users\/1"}],"replies":[{"embeddable":true,"href":"https:\/\/www.gruppopdregionetoscana.it\/web\/wp-json\/wp\/v2\/comments?post=16550"}],"version-history":[{"count":0,"href":"https:\/\/www.gruppopdregionetoscana.it\/web\/wp-json\/wp\/v2\/posts\/16550\/revisions"}],"wp:featuredmedia":[{"embeddable":true,"href":"https:\/\/www.gruppopdregionetoscana.it\/web\/wp-json\/wp\/v2\/media\/16553"}],"wp:attachment":[{"href":"https:\/\/www.gruppopdregionetoscana.it\/web\/wp-json\/wp\/v2\/media?parent=16550"}],"wp:term":[{"taxonomy":"category","embeddable":true,"href":"https:\/\/www.gruppopdregionetoscana.it\/web\/wp-json\/wp\/v2\/categories?post=16550"},{"taxonomy":"post_tag","embeddable":true,"href":"https:\/\/www.gruppopdregionetoscana.it\/web\/wp-json\/wp\/v2\/tags?post=16550"}],"curies":[{"name":"wp","href":"https:\/\/api.w.org\/{rel}","templated":true}]}}