{"id":16568,"date":"2017-12-14T17:06:48","date_gmt":"2017-12-14T16:06:48","guid":{"rendered":"http:\/\/www.gruppopdregionetoscana.it\/web\/?p=16568"},"modified":"2017-12-14T17:07:04","modified_gmt":"2017-12-14T16:07:04","slug":"livorno-nella-legge-di-stabilita-confermati-tutti-i-finanziamenti-regionali-per-la-piattaforma-europa","status":"publish","type":"post","link":"https:\/\/www.gruppopdregionetoscana.it\/web\/livorno-nella-legge-di-stabilita-confermati-tutti-i-finanziamenti-regionali-per-la-piattaforma-europa\/","title":{"rendered":"Livorno, nella legge di stabilit\u00e0 confermati tutti i finanziamenti regionali per la Piattaforma Europa"},"content":{"rendered":"<p><em>Francesco Gazzetti:\u00a0 \u201cOpera strategica e fondamentale per Livorno e per la Toscana. Tutto il resto sono solo fake news\u201d<\/em><\/p>\n<p><em><img loading=\"lazy\" decoding=\"async\" class=\"alignleft wp-image-16352 size-full\" src=\"http:\/\/www.gruppopdregionetoscana.it\/web\/wp-content\/uploads\/2017\/10\/piattaforma1.jpg\" alt=\"piattaforma1\" width=\"816\" height=\"543\" srcset=\"https:\/\/www.gruppopdregionetoscana.it\/web\/wp-content\/uploads\/2017\/10\/piattaforma1.jpg 816w, https:\/\/www.gruppopdregionetoscana.it\/web\/wp-content\/uploads\/2017\/10\/piattaforma1-300x200.jpg 300w\" sizes=\"auto, (max-width: 816px) 100vw, 816px\" \/><\/em>&#8220;Un\u2019ennesima conferma degli impegni assunti dalla Giunta e dalla maggioranza con un&#8217;azione costante e determinatissima condotta dal Partito Democratico in Consiglio e sul territorio. Una riprova della differenza che c&#8217;\u00e8 tra chi punta sulla concretezza e chi invece sa solo creare polemiche strumentali e fake news. La quota di competenza regionale con cui si autorizza una spesa fino a un massimo di 12milioni 500mila euro per ciascuno degli anni dal 2020 al 2039 per la realizzazione della Piattaforma Europa c\u2019\u00e8, ed \u00e8 nuovamente inserita e confermata nella legge di stabilit\u00e0 che oggi ha avuto il via libera a Firenze della commissione Bilancio e che sar\u00e0 all\u2019attenzione del Consiglio nella prossima seduta\u201d. Lo dichiara il <strong>consigliere del Partito democratico Francesco Gazzetti <\/strong>che ha votato e seguito la discussione del provvedimento sia in Prima che in Quarta Commissione. &#8220;Esprimo grande soddisfazione per il voto nelle commissioni\u00a0 \u2013 <strong>aggiunge\u00a0 Gazzetti<\/strong> &#8211; ancora una volta abbiamo risposto alle polemiche con i fatti e la concretezza amministrativa. Non servono tanti giri di parole: da una parte c&#8217;\u00e8 chi vuole dare un futuro al porto di Livorno, creando occasioni ed opportunit\u00e0 per la citt\u00e0 e per l&#8217;intera economia regionale e dall&#8217;altra c&#8217;\u00e8 invece chi si oppone, in tutte le maniere, a questa prospettiva. Lo abbiamo visto anche nei lavori delle commissioni dove, ad esempio, in quella Bilancio \u2013 <strong>spiega Gazzetti<\/strong> &#8211; il Pd ha votato compattamente a favore della conferma dei finanziamenti mentre Bianchi del Movimento 5 Stelle e Salvini della Lega hanno espresso voto\u00a0contrario. La consigliera Pecori si \u00e8 invece astenuta. Chi le prova di tutte per far saltare questo progetto -aggiunge Gazzetti &#8211; si metta l&#8217;anima in pace: noi continueremo a difendere la Piattaforma Europa con tutta le determinazione possibile, convinti, come siamo, che questa sia un&#8217;opera indispensabile per il futuro del porto di Livorno, fondamentale per la ripresa della citt\u00e0 e che rappresenti una preziosissima opportunit\u00e0 per tutta la nostra regione&#8221;.<\/p>\n<p>&nbsp;<\/p>\n","protected":false},"excerpt":{"rendered":"<p>Francesco Gazzetti:\u00a0 \u201cOpera strategica e fondamentale per Livorno e per la Toscana. Tutto il resto sono solo fake news\u201d &#8220;Un\u2019ennesima conferma degli impegni assunti dalla Giunta e dalla maggioranza con un&#8217;azione costante e determinatissima condotta dal Partito Democratico in Consiglio e sul territorio. Una riprova della differenza che c&#8217;\u00e8 tra chi punta sulla concretezza e [&hellip;]<\/p>\n","protected":false},"author":1,"featured_media":13432,"comment_status":"closed","ping_status":"closed","sticky":false,"template":"","format":"standard","meta":{"_jetpack_memberships_contains_paid_content":false,"footnotes":""},"categories":[30,1002],"tags":[],"class_list":{"0":"post-16568","1":"post","2":"type-post","3":"status-publish","4":"format-standard","5":"has-post-thumbnail","7":"category-comunicati-stampa","8":"category-francesco-gazzetti","9":"czr-hentry"},"jetpack_featured_media_url":"https:\/\/www.gruppopdregionetoscana.it\/web\/wp-content\/uploads\/2016\/07\/Francesco3.jpg","jetpack_sharing_enabled":true,"_links":{"self":[{"href":"https:\/\/www.gruppopdregionetoscana.it\/web\/wp-json\/wp\/v2\/posts\/16568","targetHints":{"allow":["GET"]}}],"collection":[{"href":"https:\/\/www.gruppopdregionetoscana.it\/web\/wp-json\/wp\/v2\/posts"}],"about":[{"href":"https:\/\/www.gruppopdregionetoscana.it\/web\/wp-json\/wp\/v2\/types\/post"}],"author":[{"embeddable":true,"href":"https:\/\/www.gruppopdregionetoscana.it\/web\/wp-json\/wp\/v2\/users\/1"}],"replies":[{"embeddable":true,"href":"https:\/\/www.gruppopdregionetoscana.it\/web\/wp-json\/wp\/v2\/comments?post=16568"}],"version-history":[{"count":0,"href":"https:\/\/www.gruppopdregionetoscana.it\/web\/wp-json\/wp\/v2\/posts\/16568\/revisions"}],"wp:featuredmedia":[{"embeddable":true,"href":"https:\/\/www.gruppopdregionetoscana.it\/web\/wp-json\/wp\/v2\/media\/13432"}],"wp:attachment":[{"href":"https:\/\/www.gruppopdregionetoscana.it\/web\/wp-json\/wp\/v2\/media?parent=16568"}],"wp:term":[{"taxonomy":"category","embeddable":true,"href":"https:\/\/www.gruppopdregionetoscana.it\/web\/wp-json\/wp\/v2\/categories?post=16568"},{"taxonomy":"post_tag","embeddable":true,"href":"https:\/\/www.gruppopdregionetoscana.it\/web\/wp-json\/wp\/v2\/tags?post=16568"}],"curies":[{"name":"wp","href":"https:\/\/api.w.org\/{rel}","templated":true}]}}