{"id":16574,"date":"2017-12-19T14:04:01","date_gmt":"2017-12-19T13:04:01","guid":{"rendered":"http:\/\/www.gruppopdregionetoscana.it\/web\/?p=16574"},"modified":"2017-12-19T14:04:01","modified_gmt":"2017-12-19T13:04:01","slug":"personale-medico-scaramelli-ci-stiamo-facendo-carico-di-aspettative-e-istanze-espresse-dalle-rappresentanze-sindacali-attivarsi-presso-la-conferenza-stato-regioni-per-il-rinnovo-del-cont","status":"publish","type":"post","link":"https:\/\/www.gruppopdregionetoscana.it\/web\/personale-medico-scaramelli-ci-stiamo-facendo-carico-di-aspettative-e-istanze-espresse-dalle-rappresentanze-sindacali-attivarsi-presso-la-conferenza-stato-regioni-per-il-rinnovo-del-cont\/","title":{"rendered":"Personale medico,  Scaramelli: \u201cCi stiamo facendo carico di aspettative e istanze espresse dalle rappresentanze sindacali. Attivarsi presso la Conferenza Stato- regioni per il rinnovo del contratto\u201d"},"content":{"rendered":"<p><i><span style=\"font-family: 'Georgia','serif'; font-size: 12pt;\"><span style=\"color: #000000;\"><i><span style=\"font-family: 'Georgia','serif'; font-size: 12pt;\"><span style=\"color: #000000;\">Ok unanime della commissione Sanit\u00e0 alla risoluzione che impegna la Giunta<\/span><\/span><\/i><\/span><\/span><\/i><\/p>\n<p><span style=\"font-family: 'Georgia','serif'; font-size: 12pt;\"><span style=\"color: #000000;\"><span style=\"font-family: 'Georgia','serif'; font-size: 12pt;\"><span style=\"color: #000000;\">Un impegno forte alla Giunta di attivarsi per risolvere la situazione dei medici, veterinari e operatori sanitari che il 12 dicembre in tutta Italia hanno scioperato. La richiesta \u00e8 contenuta nella risoluzione appena approvata all\u2019unanimit\u00e0 dalla commissione Sanit\u00e0 guidata da Stefano Scaramelli. Come annunciato <b>dal presidente\u00a0 Scaramelli (Pd)\u00a0 <\/b><\/span><span style=\"color: #000000;\">durante l\u2019incontro che lo stesso giorno dello sciopero c\u2019\u00e8 stato fra la commissione e le rappresentanze sindacali presenti, \u00e8 stato preparato l\u2019atto di indirizzo che stimola Giunta e Governo sul tema . <\/span>\u201c<span style=\"color: #000000;\">Come promesso- <\/span><b><span style=\"color: #000000;\">spiega il presidente Scaramelli<\/span><\/b><span style=\"color: #000000;\">&#8211;\u00a0 ci facciamo carico delle istanze dei lavoratori e lo facciamo a partire da questo documento. Vedremo se dalla Toscana pu\u00f2\u00a0 partire, cos\u00ec come gi\u00e0 successo altre volte, una pressione sul governo nazionale\u201d L\u2019atto presentato da Scaramelli ha poi trovato la sintesi di tutte le forze politiche. \u201cChiediamo alla giunta un impegno forte \u2013 <\/span><b><span style=\"color: #000000;\">spiega Scaramelli<\/span><\/b><span style=\"color: #000000;\"> &#8211;\u00a0 presso la Conferenza stato regioni per sostenere il percorso per il rinnovo del Contratto collettivo nazionale di lavoro dei medici,di favorire , anche attivandosi presso il Governo, il ricambio generazionale del personale medico sanitario in modo da incrementare i posti per la formazione specialistica. Nel nostro documento c\u2019\u00e8 anche la richiesta alla Giunta di impegnarsi per verificare l\u2019esistenza di differenze retributive fra professionisti dipendenti di aziende sanitarie della Regione e qualora si evidenziassero casi di una inappropriata costruzione delle retribuzioni, attivarsi per ristabilire la corretta valorizzazione\u201d. Nel documento approvato stamani dalla commissione si impegna la giunta\u00a0 a portare avanti ogni intervento utile con riferimento alle tematiche in oggetto, mediante un confronto continuo\u00a0 e costruttivo con le organizzazioni sindacali nei tavoli regionali con particolare attenzione allo sviluppo di azioni concrete finalizzate a rispondere ai reali bisogni di salute dei cittadini\u00a0 e per la progettazione di strategie condivise in tema di prevenzione, diagnosi, cura\u00a0 e riabilitazione. \u201cDa parte mia\u00a0\u2013 <\/span><b><span style=\"color: #000000;\">prosegue Scaramelli<\/span><\/b><span style=\"color: #000000;\">&#8211;\u00a0 c\u2019\u00e8 la piena disponibilit\u00e0 a portare sul tavolo conferenza stato regioni a livello nazionale le aspettative dei medici. Spesso ci vantiamo della sanit\u00e0 toscana, ma se abbiamo l\u2019eccellenza da tutti riconosciuta lo dobbiamo ai medici toscani\u00a0 e al loro straordinario lavoro. Quindi se ci chiedono un impegno, la politica deve saper ascoltare e agire . Quando c\u2019\u00e8 un movimento cos\u00ec unitario che si mobilita \u00e8 giusto ascoltarlo. Il sistema sanitario toscano funziona perch\u00e9 c\u2019\u00e8 qualit\u00e0 negli ospedali, i medici sono la spina dorsale del sistema. C\u2019\u00e8 un problema forte sugli organici, su questo bisogna intervenire e continuer\u00e0 l\u2019impegno di questa commissione\u201dScaramelli \u00e8 fiducioso:\u00a0 \u201cQuando abbiamo fatto delle battaglie partite dalla commissione \u2013<\/span><b><span style=\"color: #000000;\">conclude Scaramelli<\/span><\/b><span style=\"color: #000000;\">&#8211;\u00a0 per esempio sulla stabilizzazione dei precari, abbiamo raggiunto ottimi risultati sia a livello regionale che nazionale, pensiamo anche ai contratti specifici sulla stabilizzazione del 118 e agli investimenti sulle scuole di specializzazione. Abbiamo dimostrato e continueremo a dimostrare la nostra sensibilit\u00e0 su tutti questi temi. Ringrazio tutte le forze politiche che oggi si sono attivate nella ricerca della sintesi che ha portato all\u2019approvazione all\u2019unanimit\u00e0 della risoluzione\u201d.<\/span><\/span><\/span><\/span><\/p>\n<p><span style=\"font-family: 'Georgia','serif'; font-size: 12pt;\"><span style=\"color: #000000;\">\u00a0<\/span><\/span><\/p>\n<p>&nbsp;<\/p>\n","protected":false},"excerpt":{"rendered":"<p>Ok unanime della commissione Sanit\u00e0 alla risoluzione che impegna la Giunta Un impegno forte alla Giunta di attivarsi per risolvere la situazione dei medici, veterinari e operatori sanitari che il 12 dicembre in tutta Italia hanno scioperato. La richiesta \u00e8 contenuta nella risoluzione appena approvata all\u2019unanimit\u00e0 dalla commissione Sanit\u00e0 guidata da Stefano Scaramelli. Come annunciato [&hellip;]<\/p>\n","protected":false},"author":1,"featured_media":15766,"comment_status":"closed","ping_status":"closed","sticky":false,"template":"","format":"standard","meta":{"_jetpack_memberships_contains_paid_content":false,"footnotes":""},"categories":[30,971],"tags":[105,101],"class_list":{"0":"post-16574","1":"post","2":"type-post","3":"status-publish","4":"format-standard","5":"has-post-thumbnail","7":"category-comunicati-stampa","8":"category-stefano-scaramelli","9":"tag-lavoro","10":"tag-sanita","11":"czr-hentry"},"jetpack_featured_media_url":"https:\/\/www.gruppopdregionetoscana.it\/web\/wp-content\/uploads\/2017\/06\/scaramelli1.jpeg","jetpack_sharing_enabled":true,"_links":{"self":[{"href":"https:\/\/www.gruppopdregionetoscana.it\/web\/wp-json\/wp\/v2\/posts\/16574","targetHints":{"allow":["GET"]}}],"collection":[{"href":"https:\/\/www.gruppopdregionetoscana.it\/web\/wp-json\/wp\/v2\/posts"}],"about":[{"href":"https:\/\/www.gruppopdregionetoscana.it\/web\/wp-json\/wp\/v2\/types\/post"}],"author":[{"embeddable":true,"href":"https:\/\/www.gruppopdregionetoscana.it\/web\/wp-json\/wp\/v2\/users\/1"}],"replies":[{"embeddable":true,"href":"https:\/\/www.gruppopdregionetoscana.it\/web\/wp-json\/wp\/v2\/comments?post=16574"}],"version-history":[{"count":0,"href":"https:\/\/www.gruppopdregionetoscana.it\/web\/wp-json\/wp\/v2\/posts\/16574\/revisions"}],"wp:featuredmedia":[{"embeddable":true,"href":"https:\/\/www.gruppopdregionetoscana.it\/web\/wp-json\/wp\/v2\/media\/15766"}],"wp:attachment":[{"href":"https:\/\/www.gruppopdregionetoscana.it\/web\/wp-json\/wp\/v2\/media?parent=16574"}],"wp:term":[{"taxonomy":"category","embeddable":true,"href":"https:\/\/www.gruppopdregionetoscana.it\/web\/wp-json\/wp\/v2\/categories?post=16574"},{"taxonomy":"post_tag","embeddable":true,"href":"https:\/\/www.gruppopdregionetoscana.it\/web\/wp-json\/wp\/v2\/tags?post=16574"}],"curies":[{"name":"wp","href":"https:\/\/api.w.org\/{rel}","templated":true}]}}