{"id":16588,"date":"2017-12-20T13:17:50","date_gmt":"2017-12-20T12:17:50","guid":{"rendered":"http:\/\/www.gruppopdregionetoscana.it\/web\/?p=16588"},"modified":"2017-12-20T13:17:50","modified_gmt":"2017-12-20T12:17:50","slug":"lunigiana-odg-di-bugliani-per-messa-in-sicurezza-territorio-dopo-le-alluvioni","status":"publish","type":"post","link":"https:\/\/www.gruppopdregionetoscana.it\/web\/lunigiana-odg-di-bugliani-per-messa-in-sicurezza-territorio-dopo-le-alluvioni\/","title":{"rendered":"Lunigiana, odg di Bugliani per messa in sicurezza territorio dopo le alluvioni"},"content":{"rendered":"<p><strong><img loading=\"lazy\" decoding=\"async\" class=\"size-medium wp-image-16589 alignleft\" src=\"http:\/\/www.gruppopdregionetoscana.it\/web\/wp-content\/uploads\/2017\/12\/maltempo-garfagnana-2017-1-300x225.jpg\" alt=\"maltempo garfagnana 2017\" width=\"300\" height=\"225\" srcset=\"https:\/\/www.gruppopdregionetoscana.it\/web\/wp-content\/uploads\/2017\/12\/maltempo-garfagnana-2017-1-300x225.jpg 300w, https:\/\/www.gruppopdregionetoscana.it\/web\/wp-content\/uploads\/2017\/12\/maltempo-garfagnana-2017-1.jpg 1024w\" sizes=\"auto, (max-width: 300px) 100vw, 300px\" \/><\/strong><em>Il consigliere regionale Pd chiede che a partire dalla prima variazione di bilancio utile venga inserita la possibilit\u00e0 di sostenere le opere necessarie dopo l\u2019ondata di maltempo dei giorni scorsi<\/em><\/p>\n<p>&nbsp;<\/p>\n<p>Sostenere la realizzazione delle opere necessarie in Lunigiana per ripristinare i danni causati dalle forti alluvioni dell\u201911 e 12 dicembre scorsi, con uno stanziamento da inserire a partire dalla prima variazione di bilancio utile. \u00c8 ci\u00f2 che chiede un ordine del giorno collegato alla manovra finanziaria al voto oggi in Consiglio regionale toscano, approvato dall\u2019assemblea toscana e promosso da <strong>Giacomo Bugliani<\/strong>, presidente commissione Affari istituzionali.<\/p>\n<p>\u201cUna forte ondata di maltempo nei giorni dell\u201911 e 12 dicembre scorso ha colpito la provincia di Massa Carrara, in particolare i comuni di Tresana, Casola in Lunigiana, Fivizzano e Aulla, provocando una serie di frane che hanno interessato diverse strade. \u2013 spiega Bugliani \u2013 Eventi metereologici gravi che hanno fin da subito destato allarme, dal momento che con urgenza il presidente della Regione Toscana Enrico Rossi ha proclamato lo stato di emergenza regionale. Da una prima ricognizione dei danni \u00e8 emersa la necessit\u00e0 di un intervento straordinario al fine di ripristinare le condizioni di sicurezza delle arterie stradali compromesse e dei versanti erosi dalle piogge. \u00c8 urgente quindi che la Regione si attivi quanto prima a sostegno delle Amministrazioni comunali e della Provincia, a partire dalla prima variazione di bilancio utile, per stanziare risorse da destinare alla messa in sicurezza di un territorio, gi\u00e0 in passato messo in ginocchio dal maltempo e che necessita quindi di ogni forma di supporto e di tutte le istituzioni in campo. Sono convinto che la Regione non si far\u00e0 trovare impreparata e garantir\u00e0 come ha gi\u00e0 fatto per tanti altri territori gravemente\u00a0 colpiti tutto il sostegno possibile\u201d.<\/p>\n","protected":false},"excerpt":{"rendered":"<p>Il consigliere regionale Pd chiede che a partire dalla prima variazione di bilancio utile venga inserita la possibilit\u00e0 di sostenere le opere necessarie dopo l\u2019ondata di maltempo dei giorni scorsi &nbsp; Sostenere la realizzazione delle opere necessarie in Lunigiana per ripristinare i danni causati dalle forti alluvioni dell\u201911 e 12 dicembre scorsi, con uno stanziamento [&hellip;]<\/p>\n","protected":false},"author":1,"featured_media":16589,"comment_status":"closed","ping_status":"closed","sticky":false,"template":"","format":"standard","meta":{"_jetpack_memberships_contains_paid_content":false,"footnotes":""},"categories":[30,961],"tags":[],"class_list":{"0":"post-16588","1":"post","2":"type-post","3":"status-publish","4":"format-standard","5":"has-post-thumbnail","7":"category-comunicati-stampa","8":"category-giacomo-bugliani","9":"czr-hentry"},"jetpack_featured_media_url":"https:\/\/www.gruppopdregionetoscana.it\/web\/wp-content\/uploads\/2017\/12\/maltempo-garfagnana-2017-1.jpg","jetpack_sharing_enabled":true,"_links":{"self":[{"href":"https:\/\/www.gruppopdregionetoscana.it\/web\/wp-json\/wp\/v2\/posts\/16588","targetHints":{"allow":["GET"]}}],"collection":[{"href":"https:\/\/www.gruppopdregionetoscana.it\/web\/wp-json\/wp\/v2\/posts"}],"about":[{"href":"https:\/\/www.gruppopdregionetoscana.it\/web\/wp-json\/wp\/v2\/types\/post"}],"author":[{"embeddable":true,"href":"https:\/\/www.gruppopdregionetoscana.it\/web\/wp-json\/wp\/v2\/users\/1"}],"replies":[{"embeddable":true,"href":"https:\/\/www.gruppopdregionetoscana.it\/web\/wp-json\/wp\/v2\/comments?post=16588"}],"version-history":[{"count":0,"href":"https:\/\/www.gruppopdregionetoscana.it\/web\/wp-json\/wp\/v2\/posts\/16588\/revisions"}],"wp:featuredmedia":[{"embeddable":true,"href":"https:\/\/www.gruppopdregionetoscana.it\/web\/wp-json\/wp\/v2\/media\/16589"}],"wp:attachment":[{"href":"https:\/\/www.gruppopdregionetoscana.it\/web\/wp-json\/wp\/v2\/media?parent=16588"}],"wp:term":[{"taxonomy":"category","embeddable":true,"href":"https:\/\/www.gruppopdregionetoscana.it\/web\/wp-json\/wp\/v2\/categories?post=16588"},{"taxonomy":"post_tag","embeddable":true,"href":"https:\/\/www.gruppopdregionetoscana.it\/web\/wp-json\/wp\/v2\/tags?post=16588"}],"curies":[{"name":"wp","href":"https:\/\/api.w.org\/{rel}","templated":true}]}}