{"id":16734,"date":"2018-01-31T14:47:06","date_gmt":"2018-01-31T13:47:06","guid":{"rendered":"http:\/\/www.gruppopdregionetoscana.it\/web\/?p=16734"},"modified":"2018-01-31T14:47:06","modified_gmt":"2018-01-31T13:47:06","slug":"cultura-mezzi-pubblici-a-tariffe-agevolate-per-le-mete-culturali-fuori-classici-circuiti-unanimita-del-consiglio-alla-mozione-di-ilaria-giovannetti","status":"publish","type":"post","link":"https:\/\/www.gruppopdregionetoscana.it\/web\/cultura-mezzi-pubblici-a-tariffe-agevolate-per-le-mete-culturali-fuori-classici-circuiti-unanimita-del-consiglio-alla-mozione-di-ilaria-giovannetti\/","title":{"rendered":"Cultura, mezzi pubblici a tariffe agevolate per le mete culturali fuori classici circuiti. Unanimit\u00e0 del Consiglio alla mozione di Ilaria Giovannetti"},"content":{"rendered":"<p><strong><span style=\"font-family: 'Georgia','serif'; font-size: 12pt;\"><span style=\"color: #000000;\"><i><span style=\"font-family: 'Georgia','serif'; font-size: 12pt;\"><span style=\"color: #000000;\">Fra la mete la Valle del Serchio , ma la consigliera conta di inserire anche altre aree della Regione<\/span><\/span><\/i><\/span><\/span><\/strong><\/p>\n<p><span style=\"font-family: 'Georgia','serif'; font-size: 12pt;\"><span style=\"color: #000000;\"><span style=\"font-family: 'Georgia','serif'; font-size: 12pt;\"><span style=\"color: #000000;\">Promuovere la sottoscrizione di protocolli d\u2019intesa per favorire la conoscenza del patrimonio culturale della Toscana, in particolare di aree non inserite nei classici circuiti turistici o luoghi di interesse sparsi su ampi spazi non facilmente collegati tra loro, soprattutto da parte degli studenti. C\u2019\u00e8 il via libera all\u2019unanimit\u00e0 del Consiglio regionale\u00a0 alla mozione <b>della consigliera regionale del Pd Ilaria Giovannetti<\/b><\/span><span style=\"color: #000000;\">, sottoscritta anche dai colleghi <\/span><b><span style=\"color: #000000;\">Stefano Baccelli, Giacomo Bugliani, Fiammetta Capirossi, Stefano Scaramelli, Lucia De Robertis, Francesco Gazzetti, Valentina Vadi, Paolo Bambagioni.<\/span><\/b><span style=\"color: #000000;\"> L\u2019atto, illustrato ieri in aula dalla consigliera parte da un protocollo d\u2019intesa siglato fra Regione Toscana, LFI, gestore della linea ferroviaria regionale Stia-Arezzo-Sinalunga, l\u2019Unione dei Comuni del Casentino, il Parco Nazionale delle Foreste Casentinesi e la Direzione didattica provinciale di Arezzo, nel quale si stabilisce che le scolaresche in gita potranno utilizzare il treno per tutto l\u2019arco della giornata e per tutte le tratte del percorso con un biglietto a tariffa agevolata di 3.50 euro. <\/span><\/span><\/span><\/span><\/p>\n<p><span style=\"font-family: 'Georgia','serif'; font-size: 12pt;\"><span style=\"color: #000000;\">\u00a0<span style=\"font-family: 'Georgia','serif'; font-size: 12pt;\"><span style=\"color: #000000;\">\u201cAccordi di questo tipo- <b>ha detto Ilaria Giovannetti<\/b><\/span><span style=\"color: #000000;\">&#8211; , con Trenitalia o altri soggetti che si occupano di mobilit\u00e0, finalizzati all\u2019ampliamento dell\u2019offerta promozionale turistico-culturale, sono da sostenere e valorizzare, anche attraverso la collaborazione con l\u2019Ufficio scolastico regionale per la Toscana in modo da promuovere la conoscenza del nostro territorio e del patrimonio che offre \u2013 <\/span><b><span style=\"color: #000000;\">ha spiegato la consigliera Giovannetti<\/span><\/b><span style=\"color: #000000;\"> \u2013. E proprio l\u2019assessore regionale alla mobilit\u00e0, presentando questo progetto, ha manifestato la volont\u00e0 di ampliarlo ad altre zone della Toscana. Estendere tale iniziativa con ulteriori protocolli sarebbe un ottimo viatico per far approfondire agli studenti aspetti peculiari di zone della nostra regione. Penso quindi al mio territorio, la Valle del Serchio, alle sue tante potenzialit\u00e0 e a ci\u00f2 che meritano di conoscere i turisti e soprattutto i giovani. Come altre aree della Toscana \u00e8 ricchissima di storia, tradizione e beni naturali spesso non noti come meritano ma assolutamente da scoprire o riscoprire. Mettere in campo protocolli d\u2019intesa di questo genere, con agevolazioni sulle tariffe ferroviarie o sul trasporto su gomma, laddove i treni non raggiungano le zone di interesse, avrebbe anche la positiva funzione di educare i giovani all\u2019uso dei mezzi pubblici per spostarsi all\u2019interno della regione\u201d.<span style=\"font-family: 'Georgia','serif'; font-size: 12pt;\"><span style=\"color: #000000;\"><span style=\"font-family: 'Georgia','serif'; font-size: 12pt;\"><span style=\"color: #000000;\">\u201cL\u2019obiettivo di questa mozione quindi \u00e8 incoraggiare la stipula di accordi sulla mobilit\u00e0 sulla scia di quanto siglato in Casentino in modo da favorire una forma di turismo sostenibile e mirata alla scoperta, da parte degli studenti, del patrimonio culturale del loro territorio o di zone limitrofe\u201d, <b>ha concluso Giovannetti.<\/b><\/span><\/span><\/span><\/span><\/span><\/span><\/span><\/span><\/p>\n<p><b><span style=\"color: #000000; font-family: Calibri;\">\u00a0<\/span><\/b><\/p>\n<p>&nbsp;<\/p>\n","protected":false},"excerpt":{"rendered":"<p>Fra la mete la Valle del Serchio , ma la consigliera conta di inserire anche altre aree della Regione Promuovere la sottoscrizione di protocolli d\u2019intesa per favorire la conoscenza del patrimonio culturale della Toscana, in particolare di aree non inserite nei classici circuiti turistici o luoghi di interesse sparsi su ampi spazi non facilmente collegati [&hellip;]<\/p>\n","protected":false},"author":1,"featured_media":14417,"comment_status":"closed","ping_status":"closed","sticky":false,"template":"","format":"standard","meta":{"_jetpack_memberships_contains_paid_content":false,"footnotes":""},"categories":[30,965],"tags":[535,776],"class_list":{"0":"post-16734","1":"post","2":"type-post","3":"status-publish","4":"format-standard","5":"has-post-thumbnail","7":"category-comunicati-stampa","8":"category-ilaria-giovannetti","9":"tag-cultura","10":"tag-tpl","11":"czr-hentry"},"jetpack_featured_media_url":"https:\/\/www.gruppopdregionetoscana.it\/web\/wp-content\/uploads\/2016\/11\/giovannetti5.jpg","jetpack_sharing_enabled":true,"_links":{"self":[{"href":"https:\/\/www.gruppopdregionetoscana.it\/web\/wp-json\/wp\/v2\/posts\/16734","targetHints":{"allow":["GET"]}}],"collection":[{"href":"https:\/\/www.gruppopdregionetoscana.it\/web\/wp-json\/wp\/v2\/posts"}],"about":[{"href":"https:\/\/www.gruppopdregionetoscana.it\/web\/wp-json\/wp\/v2\/types\/post"}],"author":[{"embeddable":true,"href":"https:\/\/www.gruppopdregionetoscana.it\/web\/wp-json\/wp\/v2\/users\/1"}],"replies":[{"embeddable":true,"href":"https:\/\/www.gruppopdregionetoscana.it\/web\/wp-json\/wp\/v2\/comments?post=16734"}],"version-history":[{"count":0,"href":"https:\/\/www.gruppopdregionetoscana.it\/web\/wp-json\/wp\/v2\/posts\/16734\/revisions"}],"wp:featuredmedia":[{"embeddable":true,"href":"https:\/\/www.gruppopdregionetoscana.it\/web\/wp-json\/wp\/v2\/media\/14417"}],"wp:attachment":[{"href":"https:\/\/www.gruppopdregionetoscana.it\/web\/wp-json\/wp\/v2\/media?parent=16734"}],"wp:term":[{"taxonomy":"category","embeddable":true,"href":"https:\/\/www.gruppopdregionetoscana.it\/web\/wp-json\/wp\/v2\/categories?post=16734"},{"taxonomy":"post_tag","embeddable":true,"href":"https:\/\/www.gruppopdregionetoscana.it\/web\/wp-json\/wp\/v2\/tags?post=16734"}],"curies":[{"name":"wp","href":"https:\/\/api.w.org\/{rel}","templated":true}]}}