{"id":16745,"date":"2018-02-05T16:54:50","date_gmt":"2018-02-05T15:54:50","guid":{"rendered":"http:\/\/www.gruppopdregionetoscana.it\/web\/?p=16745"},"modified":"2018-02-05T16:54:50","modified_gmt":"2018-02-05T15:54:50","slug":"sanita-protocollo-regione-universita-alessandra-nardini-formazione-e-ricerca-decisivi-ateneo-pisa-puo-dare-grande-contributo","status":"publish","type":"post","link":"https:\/\/www.gruppopdregionetoscana.it\/web\/sanita-protocollo-regione-universita-alessandra-nardini-formazione-e-ricerca-decisivi-ateneo-pisa-puo-dare-grande-contributo\/","title":{"rendered":"Sanit\u00e0, Protocollo Regione-Universit\u00e0, Alessandra Nardini: \u201cFormazione e ricerca decisivi. Ateneo Pisa pu\u00f2 dare grande contributo\u201d"},"content":{"rendered":"<p>\u00abU<img loading=\"lazy\" decoding=\"async\" class=\"alignleft size-medium wp-image-15670\" src=\"http:\/\/www.gruppopdregionetoscana.it\/web\/wp-content\/uploads\/2017\/05\/infermieri-300x163.jpg\" alt=\"infermieri\" width=\"300\" height=\"163\" srcset=\"https:\/\/www.gruppopdregionetoscana.it\/web\/wp-content\/uploads\/2017\/05\/infermieri-300x163.jpg 300w, https:\/\/www.gruppopdregionetoscana.it\/web\/wp-content\/uploads\/2017\/05\/infermieri-1024x555.jpg 1024w, https:\/\/www.gruppopdregionetoscana.it\/web\/wp-content\/uploads\/2017\/05\/infermieri.jpg 1063w\" sizes=\"auto, (max-width: 300px) 100vw, 300px\" \/>na collaborazione gi\u00e0 forte, che cresce ulteriormente e fa molto bene al sistema sanitario toscano e alla ricerca universitaria. L\u2019integrazione tra attivit\u00e0 assistenziali, formative e di ricerca rappresentano una delle chiavi dei risultati\u00a0 positivi che la sanit\u00e0 toscana pu\u00f2 vantare da diversi anni a questa parte. In questo contesto, poter contare sull\u2019apporto di atenei prestigiosi, tra i quali quello pisano, contribuisce a sedimentare gli alti livelli raggiunti e addirittura prova a migliorarli\u00bb.<\/p>\n<p>Cos\u00ec <strong>Alessandra Nardini<\/strong>, consigliera regionale del Pd, commenta la firma del protocollo d\u2019intesa avvenuta questa mattina a Firenze tra il presidente della Regione, Enrico Rossi, e i rettori delle tre Universit\u00e0 toscane Paolo Maria Mancarella (Pisa), Luigi Dei (Firenze) e Francesco Frati (Siena), alla presenza dell\u2019assessore al diritto alla salute, Stefania Saccardi.<\/p>\n<p>\u00abLa formazione del personale che opera nella sanit\u00e0 toscana \u2013 aggiunge Nardini \u2013 se pienamente integrata all\u2019attivit\u00e0 di ricerca e quindi all\u2019innovazione pu\u00f2 certamente costituire una garanzia di qualit\u00e0 del sistema, che proprio perch\u00e9 \u00e8 gi\u00e0 a livelli molto alti, come dimostrano tutte le classifiche nazionali, ha bisogno sempre di essere stimolata. Per queste ragioni \u2013 conclude \u2013 esprimo soddisfazione per l\u2019iniziativa, sottolineando il contributo che l\u2019Universit\u00e0 di Pisa, con i suoi tanti centri di ricerca, pu\u00f2 dare per il raggiungimento degli obiettivi fissati dal protocollo\u00bb.<\/p>\n<p>&nbsp;<\/p>\n","protected":false},"excerpt":{"rendered":"<p>\u00abUna collaborazione gi\u00e0 forte, che cresce ulteriormente e fa molto bene al sistema sanitario toscano e alla ricerca universitaria. L\u2019integrazione tra attivit\u00e0 assistenziali, formative e di ricerca rappresentano una delle chiavi dei risultati\u00a0 positivi che la sanit\u00e0 toscana pu\u00f2 vantare da diversi anni a questa parte. In questo contesto, poter contare sull\u2019apporto di atenei prestigiosi, [&hellip;]<\/p>\n","protected":false},"author":1,"featured_media":13408,"comment_status":"closed","ping_status":"closed","sticky":false,"template":"","format":"standard","meta":{"_jetpack_memberships_contains_paid_content":false,"footnotes":""},"categories":[968,30],"tags":[],"class_list":{"0":"post-16745","1":"post","2":"type-post","3":"status-publish","4":"format-standard","5":"has-post-thumbnail","7":"category-alessandra-nardini","8":"category-comunicati-stampa","9":"czr-hentry"},"jetpack_featured_media_url":"https:\/\/www.gruppopdregionetoscana.it\/web\/wp-content\/uploads\/2016\/07\/Alessandra5.jpg","jetpack_sharing_enabled":true,"_links":{"self":[{"href":"https:\/\/www.gruppopdregionetoscana.it\/web\/wp-json\/wp\/v2\/posts\/16745","targetHints":{"allow":["GET"]}}],"collection":[{"href":"https:\/\/www.gruppopdregionetoscana.it\/web\/wp-json\/wp\/v2\/posts"}],"about":[{"href":"https:\/\/www.gruppopdregionetoscana.it\/web\/wp-json\/wp\/v2\/types\/post"}],"author":[{"embeddable":true,"href":"https:\/\/www.gruppopdregionetoscana.it\/web\/wp-json\/wp\/v2\/users\/1"}],"replies":[{"embeddable":true,"href":"https:\/\/www.gruppopdregionetoscana.it\/web\/wp-json\/wp\/v2\/comments?post=16745"}],"version-history":[{"count":0,"href":"https:\/\/www.gruppopdregionetoscana.it\/web\/wp-json\/wp\/v2\/posts\/16745\/revisions"}],"wp:featuredmedia":[{"embeddable":true,"href":"https:\/\/www.gruppopdregionetoscana.it\/web\/wp-json\/wp\/v2\/media\/13408"}],"wp:attachment":[{"href":"https:\/\/www.gruppopdregionetoscana.it\/web\/wp-json\/wp\/v2\/media?parent=16745"}],"wp:term":[{"taxonomy":"category","embeddable":true,"href":"https:\/\/www.gruppopdregionetoscana.it\/web\/wp-json\/wp\/v2\/categories?post=16745"},{"taxonomy":"post_tag","embeddable":true,"href":"https:\/\/www.gruppopdregionetoscana.it\/web\/wp-json\/wp\/v2\/tags?post=16745"}],"curies":[{"name":"wp","href":"https:\/\/api.w.org\/{rel}","templated":true}]}}