{"id":16759,"date":"2018-02-09T16:36:02","date_gmt":"2018-02-09T15:36:02","guid":{"rendered":"http:\/\/www.gruppopdregionetoscana.it\/web\/?p=16759"},"modified":"2018-02-09T17:15:46","modified_gmt":"2018-02-09T16:15:46","slug":"pontedera-alessandra-nardini-meloni-e-fdi-sono-in-malafede","status":"publish","type":"post","link":"https:\/\/www.gruppopdregionetoscana.it\/web\/pontedera-alessandra-nardini-meloni-e-fdi-sono-in-malafede\/","title":{"rendered":"Pontedera, Alessandra Nardini: \u201cMeloni e FdI sono in malafede\u201d"},"content":{"rendered":"<p>La consigliera regionale solidarizza con il sindaco e ricorda la mozione approvata in Regione di cui \u00e8 stata prima firmataria<\/p>\n<p>\u00abFratelli d\u2019Italia e la sua segreteria nazionale Giorgia Meloni stanno alzando un polverone mediatico nei confronti del Comune di Pontedera che punta a nascondere o addirittura a ribaltare la verit\u00e0 dei fatti. Coloro che urlano ed esigono rispetto della legalit\u00e0 democratica, in realt\u00e0 si stanno coprendo di ridicolo perch\u00e9, come dimostrato dal sindaco di Pontedera documenti alla mano, \u201csbianchettando\u201d la dichiarazione sul rispetto delle norme che vietano la ricostituzione del partito fascista e la propaganda di istigazione all\u2019odio razziale, hanno implicitamente ammesso di non riconoscere quella legalit\u00e0 che oggi reclamano. Sono totalmente in malafede! L\u2019Amministrazione Comunale di Pontedera ha fatto bene a non rilasciare le autorizzazioni per il suolo pubblico a chi, con arroganza e disprezzo delle regole, pretende di poter manomettere moduli ufficiali pur di non sottoscrivere una dichiarazione che, evidentemente, non \u00e8 nella loro natura politica. Piena solidariet\u00e0, quindi, al sindaco e al Comune di Pontedera. Questa vicenda, alla fine dei conti, ci dice anche che avevamo visto giusto anche in Regione quando abbiamo fatto approvare una mozione, di cui ero la prima firmataria, per vietare l\u2019utilizzo di sale e spazi ad associazioni o manifestazioni che si richiamano al fascismo o che abbiano orientamenti razzisti, xenofobi, antisemiti, omofobi e, in generale, discriminatori. Chi ha problemi a prendere le distanze da questi disvalori non pu\u00f2 certo ergersi a paladino della libert\u00e0, della democrazia e dei valori costituzionali\u00bb.<\/p>\n<p>Cos\u00ec <strong>Alessandra Nardini<\/strong>, consigliera regionale del Pd, sulla vicenda di Pontedera.<\/p>\n<p>&nbsp;<\/p>\n","protected":false},"excerpt":{"rendered":"<p>La consigliera regionale solidarizza con il sindaco e ricorda la mozione approvata in Regione di cui \u00e8 stata prima firmataria \u00abFratelli d\u2019Italia e la sua segreteria nazionale Giorgia Meloni stanno alzando un polverone mediatico nei confronti del Comune di Pontedera che punta a nascondere o addirittura a ribaltare la verit\u00e0 dei fatti. Coloro che urlano [&hellip;]<\/p>\n","protected":false},"author":1,"featured_media":12995,"comment_status":"closed","ping_status":"closed","sticky":false,"template":"","format":"standard","meta":{"_jetpack_memberships_contains_paid_content":false,"footnotes":""},"categories":[968,30],"tags":[],"class_list":{"0":"post-16759","1":"post","2":"type-post","3":"status-publish","4":"format-standard","5":"has-post-thumbnail","7":"category-alessandra-nardini","8":"category-comunicati-stampa","9":"czr-hentry"},"jetpack_featured_media_url":"https:\/\/www.gruppopdregionetoscana.it\/web\/wp-content\/uploads\/2016\/05\/nardini.png","jetpack_sharing_enabled":true,"_links":{"self":[{"href":"https:\/\/www.gruppopdregionetoscana.it\/web\/wp-json\/wp\/v2\/posts\/16759","targetHints":{"allow":["GET"]}}],"collection":[{"href":"https:\/\/www.gruppopdregionetoscana.it\/web\/wp-json\/wp\/v2\/posts"}],"about":[{"href":"https:\/\/www.gruppopdregionetoscana.it\/web\/wp-json\/wp\/v2\/types\/post"}],"author":[{"embeddable":true,"href":"https:\/\/www.gruppopdregionetoscana.it\/web\/wp-json\/wp\/v2\/users\/1"}],"replies":[{"embeddable":true,"href":"https:\/\/www.gruppopdregionetoscana.it\/web\/wp-json\/wp\/v2\/comments?post=16759"}],"version-history":[{"count":0,"href":"https:\/\/www.gruppopdregionetoscana.it\/web\/wp-json\/wp\/v2\/posts\/16759\/revisions"}],"wp:featuredmedia":[{"embeddable":true,"href":"https:\/\/www.gruppopdregionetoscana.it\/web\/wp-json\/wp\/v2\/media\/12995"}],"wp:attachment":[{"href":"https:\/\/www.gruppopdregionetoscana.it\/web\/wp-json\/wp\/v2\/media?parent=16759"}],"wp:term":[{"taxonomy":"category","embeddable":true,"href":"https:\/\/www.gruppopdregionetoscana.it\/web\/wp-json\/wp\/v2\/categories?post=16759"},{"taxonomy":"post_tag","embeddable":true,"href":"https:\/\/www.gruppopdregionetoscana.it\/web\/wp-json\/wp\/v2\/tags?post=16759"}],"curies":[{"name":"wp","href":"https:\/\/api.w.org\/{rel}","templated":true}]}}