{"id":16868,"date":"2018-03-21T16:46:54","date_gmt":"2018-03-21T15:46:54","guid":{"rendered":"http:\/\/www.gruppopdregionetoscana.it\/web\/?p=16868"},"modified":"2018-03-21T16:46:54","modified_gmt":"2018-03-21T15:46:54","slug":"politiche-abitative-in-commissione-sanita-via-alliter-della-nuova-legge-scaramelli-migliorare-fruibilita-accesso-e-controlli","status":"publish","type":"post","link":"https:\/\/www.gruppopdregionetoscana.it\/web\/politiche-abitative-in-commissione-sanita-via-alliter-della-nuova-legge-scaramelli-migliorare-fruibilita-accesso-e-controlli\/","title":{"rendered":"Politiche abitative, in commissione Sanit\u00e0 via all\u2019iter  della nuova legge. Scaramelli: \u201cMigliorare fruibilit\u00e0, accesso e controlli\u201d"},"content":{"rendered":"<p><span style=\"font-family: 'Georgia','serif'; font-size: 12pt;\"><span style=\"color: #000000;\"><span style=\"font-family: 'Georgia','serif'; font-size: 12pt;\"><span style=\"color: #000000;\">\u201cMigliorare la fruibilit\u00e0 e\u00a0 le possibilit\u00e0 di accesso agli alloggi di edilizia residenziale pubblica. E al contempo rendere efficienti i controlli. Questi i concetti su cui si muovono le intenzioni in merito alle politiche abitative da inserire nella nuova legge che oggi ha fatto i primi passi in commissione Sanit\u00e0\u201d. Lo ha detto <b>il presidente Stefano Scaramelli<\/b><\/span><span style=\"color: #000000;\"> illustrando la Proposta di Legge 221 \u201cDisposizioni in materia di edilizia residenziale pubblica (ERP)\u201d e riepilogando l\u2019attuale situazione abitativa in Toscana, in cui sono presenti 49694 unit\u00e0 abitative di edilizia residenziale pubblica disponibili che nell\u2019ultimo anno sono aumentate di 166 unit\u00e0. \u201cDa questa fotografia della situazione toscana- <\/span><b><span style=\"color: #000000;\">ha precisato Scaramelli<\/span><\/b><span style=\"color: #000000;\">-, parte oggi in commissione l\u2019iter di discussione della nuova legge\u201d.\u00a0 Le nuove domande di accesso agli alloggi di edilizia pubblica residenziale, a fronte dei 47384 nuclei familiari che gi\u00e0 vi hanno trovato alloggio, ammontano a 21798. E i\u00a0 toscani che ci vivono regolarmente sono 114972.\u00a0 Di questi 931 hanno trovato risposta nell&#8217;ultimo anno. Coloro che convivono con una persona disabile o con invalidit\u00e0 sono 3675 . <\/span><\/span><\/span><\/span><\/p>\n<p><span style=\"font-family: 'Georgia','serif'; font-size: 12pt;\"><span style=\"color: #000000;\">\u201cPartiamo da questi dati- <b>ha aggiunto Scaramelli<\/b><\/span><span style=\"color: #000000;\">&#8211; per fare un lavoro profondo attento e concreto. Ascolteremo sindacati e associazione degli inquilini in Commissione sanit\u00e0. Consultazioni e audizioni serviranno a intraprendere un percorso il pi\u00f9 possibile condiviso e partecipato. L\u2019accesso all\u2019abitazione, da parte di cittadini che ne hanno necessit\u00e0 e si trovano nelle condizioni oggettive di averne diritto, costituisce uno strumento fondamentale per realizzare un percorso di realizzazione personale e integrazione e sociale effettivamente efficace.\u00a0 Nell\u2019assegnazione degli alloggi popolari, per scongiurare ogni possibile disagio sociale, evitare un&#8217;eccessiva concentrazione di tipologie a rischio emarginazione, ricorrendo a strumenti legislativi che garantiscano, a livello di quartiere e di immobile, la presenza di una cittadinanza socialmente varia\u201d.\u00a0 La Legge Regionale 41 del 2015 prevede criteri pi\u00f9 restrittivi stabiliti per la presentazione delle domande: obbligo di residenza in Toscana da almeno 5 anni e per gli stranieri la necessit\u00e0 di presentare un documento rilasciato dall\u2019ambasciata o dal consolato che attesti l\u2019assenza di propriet\u00e0 immobiliari nel paese di origine. Contemporaneamente \u00e8 stato dato maggiore rilievo, quindi pi\u00f9 attenzione, verso la presenza nel nucleo familiare di soggetti anziani e disabili.<\/span><\/span><\/p>\n<p><span style=\"font-family: 'Georgia','serif'; font-size: 12pt;\"><span style=\"color: #000000;\">Per il triennio 2017-2019 la Regione Toscana ha garantito 100 milioni di euro di investimenti finalizzati a portare a termine gli interventi gi\u00e0 iniziati di Edilizia residenziale pubblica e realizzare quelli programmati.<\/span><\/span><\/p>\n<p><span style=\"color: #000000; font-family: Calibri;\">\u00a0<\/span><\/p>\n<p><span style=\"color: #000000; font-family: Calibri;\">\u00a0<\/span><\/p>\n<p>&nbsp;<\/p>\n","protected":false},"excerpt":{"rendered":"<p>\u201cMigliorare la fruibilit\u00e0 e\u00a0 le possibilit\u00e0 di accesso agli alloggi di edilizia residenziale pubblica. E al contempo rendere efficienti i controlli. Questi i concetti su cui si muovono le intenzioni in merito alle politiche abitative da inserire nella nuova legge che oggi ha fatto i primi passi in commissione Sanit\u00e0\u201d. Lo ha detto il presidente [&hellip;]<\/p>\n","protected":false},"author":1,"featured_media":15770,"comment_status":"closed","ping_status":"closed","sticky":false,"template":"","format":"standard","meta":{"_jetpack_memberships_contains_paid_content":false,"footnotes":""},"categories":[30,971],"tags":[517,1193],"class_list":{"0":"post-16868","1":"post","2":"type-post","3":"status-publish","4":"format-standard","5":"has-post-thumbnail","7":"category-comunicati-stampa","8":"category-stefano-scaramelli","9":"tag-casa","10":"tag-erp","11":"czr-hentry"},"jetpack_featured_media_url":"https:\/\/www.gruppopdregionetoscana.it\/web\/wp-content\/uploads\/2017\/06\/Scaramelli5.jpeg","jetpack_sharing_enabled":true,"_links":{"self":[{"href":"https:\/\/www.gruppopdregionetoscana.it\/web\/wp-json\/wp\/v2\/posts\/16868","targetHints":{"allow":["GET"]}}],"collection":[{"href":"https:\/\/www.gruppopdregionetoscana.it\/web\/wp-json\/wp\/v2\/posts"}],"about":[{"href":"https:\/\/www.gruppopdregionetoscana.it\/web\/wp-json\/wp\/v2\/types\/post"}],"author":[{"embeddable":true,"href":"https:\/\/www.gruppopdregionetoscana.it\/web\/wp-json\/wp\/v2\/users\/1"}],"replies":[{"embeddable":true,"href":"https:\/\/www.gruppopdregionetoscana.it\/web\/wp-json\/wp\/v2\/comments?post=16868"}],"version-history":[{"count":0,"href":"https:\/\/www.gruppopdregionetoscana.it\/web\/wp-json\/wp\/v2\/posts\/16868\/revisions"}],"wp:featuredmedia":[{"embeddable":true,"href":"https:\/\/www.gruppopdregionetoscana.it\/web\/wp-json\/wp\/v2\/media\/15770"}],"wp:attachment":[{"href":"https:\/\/www.gruppopdregionetoscana.it\/web\/wp-json\/wp\/v2\/media?parent=16868"}],"wp:term":[{"taxonomy":"category","embeddable":true,"href":"https:\/\/www.gruppopdregionetoscana.it\/web\/wp-json\/wp\/v2\/categories?post=16868"},{"taxonomy":"post_tag","embeddable":true,"href":"https:\/\/www.gruppopdregionetoscana.it\/web\/wp-json\/wp\/v2\/tags?post=16868"}],"curies":[{"name":"wp","href":"https:\/\/api.w.org\/{rel}","templated":true}]}}