{"id":16872,"date":"2018-03-22T12:19:37","date_gmt":"2018-03-22T11:19:37","guid":{"rendered":"http:\/\/www.gruppopdregionetoscana.it\/web\/?p=16872"},"modified":"2018-03-22T12:19:37","modified_gmt":"2018-03-22T11:19:37","slug":"costa-apuana-autostrada-dellacqua-federica-fratoni-risponde-allinterrogazione-di-giacomo-bugliani","status":"publish","type":"post","link":"https:\/\/www.gruppopdregionetoscana.it\/web\/costa-apuana-autostrada-dellacqua-federica-fratoni-risponde-allinterrogazione-di-giacomo-bugliani\/","title":{"rendered":"Costa Apuana, \u201cAutostrada dell\u2019acqua\u201d, Federica Fratoni risponde all&#8217;interrogazione di Giacomo Bugliani"},"content":{"rendered":"<p><strong>&#8220;Un opera fondamentale che richiede il massimo coinvolgimento del territorio. L\u2019apertura che l\u2019assessore ha dato al coinvolgimento dei territori \u00e8 senza dubbio positiva e potr\u00e0, cos\u00ec, rassicurare tutti i cittadini circa la condivisione e la partecipazione, che \u00e8 quanto mai dovuta&#8221;, commenta il consigliere regionale<br \/>\n<\/strong><\/p>\n<p>&nbsp;<\/p>\n<p><img loading=\"lazy\" decoding=\"async\" class=\"alignleft size-medium wp-image-13439\" src=\"http:\/\/www.gruppopdregionetoscana.it\/web\/wp-content\/uploads\/2016\/07\/Giacomo2-200x300.jpg\" alt=\"Giacomo2\" width=\"200\" height=\"300\" srcset=\"https:\/\/www.gruppopdregionetoscana.it\/web\/wp-content\/uploads\/2016\/07\/Giacomo2-200x300.jpg 200w, https:\/\/www.gruppopdregionetoscana.it\/web\/wp-content\/uploads\/2016\/07\/Giacomo2-683x1024.jpg 683w, https:\/\/www.gruppopdregionetoscana.it\/web\/wp-content\/uploads\/2016\/07\/Giacomo2.jpg 1000w\" sizes=\"auto, (max-width: 200px) 100vw, 200px\" \/>\u201cL\u2019Autorit\u00e0 Idrica Toscana ha intenzione di iniziare quest\u2019anno il percorso per i necessari approfondimenti. E\u2019 inoltre previsto che i risultati, anche preliminari, degli studi svolti siano resi pubblici e condivisi con tutti i soggetti e gli enti interessati, compresa la Regione Toscana, prima di intraprendere qualsiasi decisione in merito\u201d.<\/p>\n<p>E\u2019 quanto si legge nella risposta che l\u2019assessore toscano all\u2019ambiente, <strong>Federica Fratoni<\/strong>, ha fornito all\u2019interrogazione presentata dal consigliere regionale <strong>Giacomo Bugliani<\/strong> in merito alla fattibilit\u00e0 del progetto strategico \u201cSistema integrato per approvvigionamento idropotabile del litorale apuo-versiliese e del sistema Lucca-Pisa-Livorno con la razionalizzazione dell\u2019uso delle risorse derivanti dagli acquiferi Serchio, Magra e Alpi Apuane\u201d.<\/p>\n<p>Nella risposta di Fratoni a Bugliani viene confermato, inoltre, che \u201cl\u2019opera \u00e8 considerata strategica nell\u2019ottica della razionalizzazione delle reti e interconnessioni acquedottistiche della Toscana\u201d.<\/p>\n<p>\u00abSpero che con questa mia interrogazione ed il conseguente interessamento dell\u2019assessore regionale \u2013 commenta <strong>Bugliani<\/strong> \u2013 si possa offrire una certa impostazione a questo progetto che ha una considerevole ricaduta anche sui bacini acquiferi della costa apuana e della Versilia e che figura nel piano degli interventi strategici dell\u2019Autorit\u00e0 Idrica Toscana gi\u00e0 dal luglio 2016. Ritengo fondamentale che un\u2019iniziativa come questa venga condivisa con tutti gli enti territoriali, di modo che le comunit\u00e0 coinvolte possano seguire e indirizzare, per quanto possibile, tutte le fasi di realizzazione della stessa.<\/p>\n<p>Un intervento \u2013 spiega Bugliani \u2013 che prevede opere importanti e di vaste dimensioni: la realizzazione di nuove captazioni nei bacini di riferimento, due centrali di potabilizzazione delle acque prelevate, una dorsale di collegamento tra i bacini idrografici del Magra e del Serchio. Poich\u00e9 l\u2019investimento stimato \u00e8 ingente, oltre 152 milioni, e poich\u00e9 la tempistica preventivata \u00e8 di dieci anni, ritengo sia assolutamente necessario il coinvolgimento dei cittadini e degli enti locali. \u00a0E proprio per queste ragioni \u2013 conclude il consigliere regionale \u2013 \u00e8 opportuno conoscere al pi\u00f9 presto i dati e gli studi di fattibilit\u00e0 in grado di indicarci se quel progetto pu\u00f2 fornire le risposte che il territorio attende. L\u2019apertura che l\u2019assessore Fratoni ha dato al coinvolgimento dei territori \u00e8 senza dubbio positiva e potr\u00e0, cos\u00ec, rassicurare tutti i cittadini circa la condivisione e la partecipazione, che \u00e8 quanto mai dovuta quando ci si accinge allo studio e alla progettazione di opere come questa\u00bb.<\/p>\n<p><strong>\u00a0<\/strong><\/p>\n","protected":false},"excerpt":{"rendered":"<p>&#8220;Un opera fondamentale che richiede il massimo coinvolgimento del territorio. L\u2019apertura che l\u2019assessore ha dato al coinvolgimento dei territori \u00e8 senza dubbio positiva e potr\u00e0, cos\u00ec, rassicurare tutti i cittadini circa la condivisione e la partecipazione, che \u00e8 quanto mai dovuta&#8221;, commenta il consigliere regionale &nbsp; \u201cL\u2019Autorit\u00e0 Idrica Toscana ha intenzione di iniziare quest\u2019anno il [&hellip;]<\/p>\n","protected":false},"author":1,"featured_media":16873,"comment_status":"closed","ping_status":"closed","sticky":false,"template":"","format":"standard","meta":{"_jetpack_memberships_contains_paid_content":false,"footnotes":""},"categories":[30,961],"tags":[],"class_list":{"0":"post-16872","1":"post","2":"type-post","3":"status-publish","4":"format-standard","5":"has-post-thumbnail","7":"category-comunicati-stampa","8":"category-giacomo-bugliani","9":"czr-hentry"},"jetpack_featured_media_url":"https:\/\/www.gruppopdregionetoscana.it\/web\/wp-content\/uploads\/2018\/03\/pianoacqua.jpg","jetpack_sharing_enabled":true,"_links":{"self":[{"href":"https:\/\/www.gruppopdregionetoscana.it\/web\/wp-json\/wp\/v2\/posts\/16872","targetHints":{"allow":["GET"]}}],"collection":[{"href":"https:\/\/www.gruppopdregionetoscana.it\/web\/wp-json\/wp\/v2\/posts"}],"about":[{"href":"https:\/\/www.gruppopdregionetoscana.it\/web\/wp-json\/wp\/v2\/types\/post"}],"author":[{"embeddable":true,"href":"https:\/\/www.gruppopdregionetoscana.it\/web\/wp-json\/wp\/v2\/users\/1"}],"replies":[{"embeddable":true,"href":"https:\/\/www.gruppopdregionetoscana.it\/web\/wp-json\/wp\/v2\/comments?post=16872"}],"version-history":[{"count":0,"href":"https:\/\/www.gruppopdregionetoscana.it\/web\/wp-json\/wp\/v2\/posts\/16872\/revisions"}],"wp:featuredmedia":[{"embeddable":true,"href":"https:\/\/www.gruppopdregionetoscana.it\/web\/wp-json\/wp\/v2\/media\/16873"}],"wp:attachment":[{"href":"https:\/\/www.gruppopdregionetoscana.it\/web\/wp-json\/wp\/v2\/media?parent=16872"}],"wp:term":[{"taxonomy":"category","embeddable":true,"href":"https:\/\/www.gruppopdregionetoscana.it\/web\/wp-json\/wp\/v2\/categories?post=16872"},{"taxonomy":"post_tag","embeddable":true,"href":"https:\/\/www.gruppopdregionetoscana.it\/web\/wp-json\/wp\/v2\/tags?post=16872"}],"curies":[{"name":"wp","href":"https:\/\/api.w.org\/{rel}","templated":true}]}}