{"id":16875,"date":"2018-03-22T17:23:15","date_gmt":"2018-03-22T16:23:15","guid":{"rendered":"http:\/\/www.gruppopdregionetoscana.it\/web\/?p=16875"},"modified":"2018-03-22T17:23:15","modified_gmt":"2018-03-22T16:23:15","slug":"sicurezza-del-territorio-sopralluogo-e-inaugurazione-nuova-viabilita-a-calci-ha-partecipato-la-consigliera-regionale-nardini","status":"publish","type":"post","link":"https:\/\/www.gruppopdregionetoscana.it\/web\/sicurezza-del-territorio-sopralluogo-e-inaugurazione-nuova-viabilita-a-calci-ha-partecipato-la-consigliera-regionale-nardini\/","title":{"rendered":"Sicurezza del territorio, sopralluogo e inaugurazione nuova viabilit\u00e0 a Calci. Ha partecipato la consigliera regionale Nardini"},"content":{"rendered":"<p>Si sono svolte questa mattina a Calci una serie di iniziative legate ad azioni di messa in sicurezza del territorio realizzate dal Comune con il supporto e il finanziamento della Regione Toscana rappresentata, per l\u2019occasione, dalla consigliera regionale Alessandra Nardini.<\/p>\n<p>\u201cMessa in sicurezza e prevenzione sono le parole d\u2019ordine che guidano l\u2019azione della Regione nella lotta al dissesto idrogeologico \u2013 commenta <strong>Alessandra Nardini<\/strong>, consigliera regionale \u2013 sul quale l\u2019attenzione \u00e8 massima e l\u2019impegno concreto con molteplici stanziamenti di risorse che si sono succeduti negli ultimi due anni e mezzo per realizzare le opere pi\u00f9 urgenti e progettare e programmare le altre. Tra questi contributi anche quelli ricevuti dal Comune di Calci: 327mila euro per la stabilizzazione della frana di Montemagno che avrebbe potuto compromettere la viabilit\u00e0 fino all\u2019isolamento della frazione; e 35mila euro per la progettazione esecutiva di altri interventi di prevenzione frane a San Martino. Quest\u2019ultimo finanziamento \u00e8 particolarmente importante perch\u00e9 consente al Comune di Calci di richiedere, alla luce della redazione e approvazione del progetto esecutivo, un ulteriore contributo per l\u2019attuazione degli interventi previsti dal progetto\u201d.<\/p>\n<p>In particolare: nell&#8217;ambito dei finanziamenti stanziati con il Documento Operativo Difesa del Suolo 2016, di cui alla L.R. 80\/2015, art.3, con Delibera G.R n. 464\/2016 \u00e8 stato assegnato al comune di Calci un finanziamento pari a 327.024,00\u20ac per l&#8217;attuazione dei &#8220;Lavori di stabilizzazione dissesto franoso della scarpata del Torrente Zambra di Montemagno, in Localit\u00e0 San Lorenzo . L&#8217;intervento \u00e8 stato attuato e concluso dal Comune di Calci entro la tempistica prevista dal cronoprogramma approvato (Inizio lavori: settembre 2016 &#8211; fine lavori giugno 2017). La finalit\u00e0 del finanziamento e dei lavori realizzati \u00e8 stata quella di consolidare un movimento franoso in atto che gi\u00e0 si era propagato sulla strada comunale di accesso al nucleo abitato di San Lorenzo. I lavori finanziati consistono nella realizzazione di una palificata, con tiranti finalizzata a stabilizzare il movimento franoso, e di reti paramassi tirantati. Sempre nell&#8217;ambito dei finanziamenti stanziati con il Documento Operativo Difesa del Suolo 2017, con Delibera G.R. 390\/2017 il Comune di Calci ha ricevuto un finanziamento pari a 35.000,00\u20ac per poter svolgere\u00a0 la progettazione esecutiva di interventi sempre finalizzati a mitigare fenomeni franosi che mettono a rischio il territorio comunale.<\/p>\n<p>La progettazione finanziata ha titolo &#8220;Opere di consolidamento e regimazione delle acque superficiali in localit\u00e0 San Martino di Montemagno&#8221;. La possibilit\u00e0 da parte\u00a0 del Comune di Calci\u00a0 di poter redigere e approvare il suddetto progetto esecutivo, grazie ai fondi regionali stanziati allo scopo, consente oggi\u00a0 allo stesso Comune di poter richiedere il finanziamento per l&#8217;attuazione degli interventi\u00a0 e dei lavori di consolidamento e bonifica, previsti nello stesso progetto.<\/p>\n<p>&nbsp;<\/p>\n","protected":false},"excerpt":{"rendered":"<p>Si sono svolte questa mattina a Calci una serie di iniziative legate ad azioni di messa in sicurezza del territorio realizzate dal Comune con il supporto e il finanziamento della Regione Toscana rappresentata, per l\u2019occasione, dalla consigliera regionale Alessandra Nardini. \u201cMessa in sicurezza e prevenzione sono le parole d\u2019ordine che guidano l\u2019azione della Regione nella [&hellip;]<\/p>\n","protected":false},"author":1,"featured_media":16876,"comment_status":"closed","ping_status":"closed","sticky":false,"template":"","format":"standard","meta":{"_jetpack_memberships_contains_paid_content":false,"footnotes":""},"categories":[968,30],"tags":[],"class_list":{"0":"post-16875","1":"post","2":"type-post","3":"status-publish","4":"format-standard","5":"has-post-thumbnail","7":"category-alessandra-nardini","8":"category-comunicati-stampa","9":"czr-hentry"},"jetpack_featured_media_url":"https:\/\/www.gruppopdregionetoscana.it\/web\/wp-content\/uploads\/2018\/03\/WhatsApp-Image-2018-03-22-at-16.01.21.jpeg","jetpack_sharing_enabled":true,"_links":{"self":[{"href":"https:\/\/www.gruppopdregionetoscana.it\/web\/wp-json\/wp\/v2\/posts\/16875","targetHints":{"allow":["GET"]}}],"collection":[{"href":"https:\/\/www.gruppopdregionetoscana.it\/web\/wp-json\/wp\/v2\/posts"}],"about":[{"href":"https:\/\/www.gruppopdregionetoscana.it\/web\/wp-json\/wp\/v2\/types\/post"}],"author":[{"embeddable":true,"href":"https:\/\/www.gruppopdregionetoscana.it\/web\/wp-json\/wp\/v2\/users\/1"}],"replies":[{"embeddable":true,"href":"https:\/\/www.gruppopdregionetoscana.it\/web\/wp-json\/wp\/v2\/comments?post=16875"}],"version-history":[{"count":0,"href":"https:\/\/www.gruppopdregionetoscana.it\/web\/wp-json\/wp\/v2\/posts\/16875\/revisions"}],"wp:featuredmedia":[{"embeddable":true,"href":"https:\/\/www.gruppopdregionetoscana.it\/web\/wp-json\/wp\/v2\/media\/16876"}],"wp:attachment":[{"href":"https:\/\/www.gruppopdregionetoscana.it\/web\/wp-json\/wp\/v2\/media?parent=16875"}],"wp:term":[{"taxonomy":"category","embeddable":true,"href":"https:\/\/www.gruppopdregionetoscana.it\/web\/wp-json\/wp\/v2\/categories?post=16875"},{"taxonomy":"post_tag","embeddable":true,"href":"https:\/\/www.gruppopdregionetoscana.it\/web\/wp-json\/wp\/v2\/tags?post=16875"}],"curies":[{"name":"wp","href":"https:\/\/api.w.org\/{rel}","templated":true}]}}