{"id":16880,"date":"2018-03-27T11:05:51","date_gmt":"2018-03-27T09:05:51","guid":{"rendered":"http:\/\/www.gruppopdregionetoscana.it\/web\/?p=16880"},"modified":"2018-03-27T11:05:51","modified_gmt":"2018-03-27T09:05:51","slug":"defi-casalguidi-niccolai-alla-proprieta-non-prendete-decisioni-definitive","status":"publish","type":"post","link":"https:\/\/www.gruppopdregionetoscana.it\/web\/defi-casalguidi-niccolai-alla-proprieta-non-prendete-decisioni-definitive\/","title":{"rendered":"Defi Casalguidi, Niccolai alla propriet\u00e0: \u201cNon prendete decisioni definitive\u201d"},"content":{"rendered":"<h2>In vista dell\u2019incontro in Regione che, per le esigenze della stessa propriet\u00e0 aziendale non si potr\u00e0 svolgere prima del 12 aprile, il consigliere regionale fa appello al buon senso: \u201cIn gioco c\u2019\u00e8 il futuro di decine di famiglie\u201d<\/h2>\n<p><img loading=\"lazy\" decoding=\"async\" class=\"alignleft  wp-image-12249\" src=\"http:\/\/www.gruppopdregionetoscana.it\/web\/wp-content\/uploads\/2015\/11\/niccolai-vivaismo-300x167.jpg\" alt=\"niccolai-video\" width=\"440\" height=\"245\" srcset=\"https:\/\/www.gruppopdregionetoscana.it\/web\/wp-content\/uploads\/2015\/11\/niccolai-vivaismo-300x167.jpg 300w, https:\/\/www.gruppopdregionetoscana.it\/web\/wp-content\/uploads\/2015\/11\/niccolai-vivaismo.jpg 866w\" sizes=\"auto, (max-width: 440px) 100vw, 440px\" \/>\u00abQuanto emerso dai resoconti dell\u2019incontro con le organizzazioni sindacali di ieri conferma che la propriet\u00e0 di Defi vuole procedere con forza nei suoi intenti, negativi per l\u2019occupazione e per il mantenimento dell\u2019operativit\u00e0 del presidio produttivo. Chiedo per\u00f2 alla propriet\u00e0, visto che proprio per le sue esigenze l\u2019incontro in Regione non si potr\u00e0 svolgere prima del 12 aprile, di non porre in essere fino a quella data atti o azioni che pregiudichino di fatto l\u2019operativit\u00e0 e l\u2019efficacia del tavolo\u00bb.<\/p>\n<p>Lo dice <strong>Marco Niccolai<\/strong>, consigliere regionale Pd, rivolgendo un appello alla propriet\u00e0 dell\u2019azienda Defi di Casalguidi dopo l\u2019esito non soddisfacente dei recenti incontri con i sindacati.<\/p>\n<p>\u00abLa Regione \u2013 ricorda Niccolai \u2013 \u00e8 in campo per affrontare la vertenza e le relative problematiche, occorre che eguale disponibilit\u00e0 e responsabilit\u00e0 vi sia da parte della propriet\u00e0. \u00c8 in discussione il futuro di decine di persone e delle loro famiglie, lavoratori che si ritrovano, senza colpa, a lottare per il proprio futuro occupazionale. La consapevolezza di questa posta in gioco \u2013 conclude il consigliere regionale \u2013 deve portare tutti ad agire con buon senso e senza forzature\u00bb.<\/p>\n<p>&nbsp;<\/p>\n","protected":false},"excerpt":{"rendered":"<p>In vista dell\u2019incontro in Regione che, per le esigenze della stessa propriet\u00e0 aziendale non si potr\u00e0 svolgere prima del 12 aprile, il consigliere regionale fa appello al buon senso: \u201cIn gioco c\u2019\u00e8 il futuro di decine di famiglie\u201d \u00abQuanto emerso dai resoconti dell\u2019incontro con le organizzazioni sindacali di ieri conferma che la propriet\u00e0 di Defi [&hellip;]<\/p>\n","protected":false},"author":1,"featured_media":16881,"comment_status":"closed","ping_status":"closed","sticky":false,"template":"","format":"standard","meta":{"_jetpack_memberships_contains_paid_content":false,"footnotes":""},"categories":[30,969],"tags":[],"class_list":{"0":"post-16880","1":"post","2":"type-post","3":"status-publish","4":"format-standard","5":"has-post-thumbnail","7":"category-comunicati-stampa","8":"category-marco-niccolai","9":"czr-hentry"},"jetpack_featured_media_url":"https:\/\/www.gruppopdregionetoscana.it\/web\/wp-content\/uploads\/2018\/03\/DefiCasalguidi.jpg","jetpack_sharing_enabled":true,"_links":{"self":[{"href":"https:\/\/www.gruppopdregionetoscana.it\/web\/wp-json\/wp\/v2\/posts\/16880","targetHints":{"allow":["GET"]}}],"collection":[{"href":"https:\/\/www.gruppopdregionetoscana.it\/web\/wp-json\/wp\/v2\/posts"}],"about":[{"href":"https:\/\/www.gruppopdregionetoscana.it\/web\/wp-json\/wp\/v2\/types\/post"}],"author":[{"embeddable":true,"href":"https:\/\/www.gruppopdregionetoscana.it\/web\/wp-json\/wp\/v2\/users\/1"}],"replies":[{"embeddable":true,"href":"https:\/\/www.gruppopdregionetoscana.it\/web\/wp-json\/wp\/v2\/comments?post=16880"}],"version-history":[{"count":0,"href":"https:\/\/www.gruppopdregionetoscana.it\/web\/wp-json\/wp\/v2\/posts\/16880\/revisions"}],"wp:featuredmedia":[{"embeddable":true,"href":"https:\/\/www.gruppopdregionetoscana.it\/web\/wp-json\/wp\/v2\/media\/16881"}],"wp:attachment":[{"href":"https:\/\/www.gruppopdregionetoscana.it\/web\/wp-json\/wp\/v2\/media?parent=16880"}],"wp:term":[{"taxonomy":"category","embeddable":true,"href":"https:\/\/www.gruppopdregionetoscana.it\/web\/wp-json\/wp\/v2\/categories?post=16880"},{"taxonomy":"post_tag","embeddable":true,"href":"https:\/\/www.gruppopdregionetoscana.it\/web\/wp-json\/wp\/v2\/tags?post=16880"}],"curies":[{"name":"wp","href":"https:\/\/api.w.org\/{rel}","templated":true}]}}