{"id":16885,"date":"2018-03-27T16:51:50","date_gmt":"2018-03-27T14:51:50","guid":{"rendered":"http:\/\/www.gruppopdregionetoscana.it\/web\/?p=16885"},"modified":"2018-03-27T16:51:50","modified_gmt":"2018-03-27T14:51:50","slug":"zeri-recupero-e-valorizzazione-della-chiesa-di-san-medardo-di-rossano-bugliani-interroga-la-giunta","status":"publish","type":"post","link":"https:\/\/www.gruppopdregionetoscana.it\/web\/zeri-recupero-e-valorizzazione-della-chiesa-di-san-medardo-di-rossano-bugliani-interroga-la-giunta\/","title":{"rendered":"Zeri,  recupero e valorizzazione della Chiesa di San Medardo di Rossano Bugliani interroga la Giunta"},"content":{"rendered":"<p><em><img loading=\"lazy\" decoding=\"async\" class=\"size-medium wp-image-13063 alignleft\" src=\"http:\/\/www.gruppopdregionetoscana.it\/web\/wp-content\/uploads\/2016\/06\/Bugliani2-300x218.jpg\" alt=\"Bugliani2\" width=\"300\" height=\"218\" srcset=\"https:\/\/www.gruppopdregionetoscana.it\/web\/wp-content\/uploads\/2016\/06\/Bugliani2-300x218.jpg 300w, https:\/\/www.gruppopdregionetoscana.it\/web\/wp-content\/uploads\/2016\/06\/Bugliani2.jpg 500w\" sizes=\"auto, (max-width: 300px) 100vw, 300px\" \/>Il consigliere regionale Pd si attiva per la predisposizione di un nuovo bando con risorse comunitarie che sostenga interventi sui luoghi di culto, prendendo le mosse dalla vicenda dell\u2019edificio gravemente colpito dagli eventi sismici del 2012-2013<\/em><\/p>\n<p><em>\u00a0<\/em><\/p>\n<p>Sapere se nell\u2019ambito della programmazione regionale sia allo studio la predisposizione di un nuovo bando a valere sui fondi comunitari rivolto a Enti Pubblici e Privati senza scopo di lucro e finalizzato anche a sostenere interventi di tutela e valorizzazione di beni architettonici di interesse religioso. Questo per permetterne l\u2019eventuale fruizione a un bene storico e architettonico del territorio come la Chiesa di San Medardo di Rossano nel comune di Zeri (Ms). \u00c8 l\u2019obiettivo dell\u2019interrogazione alla Giunta presentata dal consigliere regionale e presidente commissione Affari istituzionali <strong>Giacomo Bugliani<\/strong>, con oggetto proprio <em>\u201cIn merito al progetto di recupero, tutela e valorizzazione della Chiesa di San Medardo di Rossano nel Comune di Zeri\u201d.<\/em><\/p>\n<p><em>\u00a0<\/em><\/p>\n<p>\u201cLa Chiesa di San Medardo di Rossano nel comune di Zeri \u00e8 caratterizzata da preziosi elementi artistici, paramenti murari interni decorati con affreschi, 5 altari. \u2013 spiega Bugliani &#8211; Ad oggi, l\u2019edificio \u00e8 inagibile a seguito degli eventi sismici che si sono verificati nel 2012 e 2013 e che lo hanno gravemente danneggiato. Va ricordato che nell\u2019ambito della Diocesi di Massa Carrara &#8211; Pontremoli, su un totale di 436 chiese, il sisma\u00a0 del 2012\u00a0 ne ha danneggiate 48 (danni quantificati in 3 milioni e 750.000 Euro), mentre ammontano a 41 gli edifici di culto colpiti dalle scosse del 2013. Nell\u2019ambito dei bandi comunitari POR CReO FESR 2007-2013, venivano approvati sia l\u2019elenco delle domande pervenute da parte di Enti religiosi e gli esiti della valutazione di ammissibilit\u00e0, sia\u00a0 la graduatoria relativa al punteggio dei singoli progetti. In questa graduatoria, al punto 5 troviamo proprio la richiesta avanzata dalla Diocesi di Massa Carrara- Pontremoli relativa \u201cal restauro e consolidamento strutturale\u201d della Chiesa di S. Medardo a Zeri, che si connota per un costo totale di oltre 666 mila Euro e un contributo ammissibile pari a 400.000,00 Euro ma per non avere alla fine beneficiato di alcun contributo concesso. Dal 2015 non risulterebbero assegnati finanziamenti POR CReO FESR\u00a0 nell\u2019ambito del \u2018Sostegno per la tutela, la valorizzazione e la promozione delle risorse naturali e culturali ai fini dello sviluppo di un turismo sostenibile\u2019. A questo punto quindi ho ritenuto doveroso attivarmi per capire se e quando verr\u00e0 predisposto un nuovo bando comunitario finalizzato anche a sostenere la valorizzazione di beni architettonici di interesse religioso, proprio perch\u00e9 la Chiesa di San Medardo di Rossano, cos\u00ec come altri edifici dal prezioso valore storico e culturale, possano finalmente usufruire di opportunit\u00e0 importanti per poter essere riportati alla loro bellezza. Preservare e recuperare una chiesa come quella di San Medardo, peraltro, significa investire sull\u2019intero Comune di Zeri e garantire che la popolazione continui ad abitare queste splendide vallate\u201d.<\/p>\n","protected":false},"excerpt":{"rendered":"<p>Il consigliere regionale Pd si attiva per la predisposizione di un nuovo bando con risorse comunitarie che sostenga interventi sui luoghi di culto, prendendo le mosse dalla vicenda dell\u2019edificio gravemente colpito dagli eventi sismici del 2012-2013 \u00a0 Sapere se nell\u2019ambito della programmazione regionale sia allo studio la predisposizione di un nuovo bando a valere sui [&hellip;]<\/p>\n","protected":false},"author":1,"featured_media":13063,"comment_status":"closed","ping_status":"closed","sticky":false,"template":"","format":"standard","meta":{"_jetpack_memberships_contains_paid_content":false,"footnotes":""},"categories":[30,961],"tags":[],"class_list":{"0":"post-16885","1":"post","2":"type-post","3":"status-publish","4":"format-standard","5":"has-post-thumbnail","7":"category-comunicati-stampa","8":"category-giacomo-bugliani","9":"czr-hentry"},"jetpack_featured_media_url":"https:\/\/www.gruppopdregionetoscana.it\/web\/wp-content\/uploads\/2016\/06\/Bugliani2.jpg","jetpack_sharing_enabled":true,"_links":{"self":[{"href":"https:\/\/www.gruppopdregionetoscana.it\/web\/wp-json\/wp\/v2\/posts\/16885","targetHints":{"allow":["GET"]}}],"collection":[{"href":"https:\/\/www.gruppopdregionetoscana.it\/web\/wp-json\/wp\/v2\/posts"}],"about":[{"href":"https:\/\/www.gruppopdregionetoscana.it\/web\/wp-json\/wp\/v2\/types\/post"}],"author":[{"embeddable":true,"href":"https:\/\/www.gruppopdregionetoscana.it\/web\/wp-json\/wp\/v2\/users\/1"}],"replies":[{"embeddable":true,"href":"https:\/\/www.gruppopdregionetoscana.it\/web\/wp-json\/wp\/v2\/comments?post=16885"}],"version-history":[{"count":0,"href":"https:\/\/www.gruppopdregionetoscana.it\/web\/wp-json\/wp\/v2\/posts\/16885\/revisions"}],"wp:featuredmedia":[{"embeddable":true,"href":"https:\/\/www.gruppopdregionetoscana.it\/web\/wp-json\/wp\/v2\/media\/13063"}],"wp:attachment":[{"href":"https:\/\/www.gruppopdregionetoscana.it\/web\/wp-json\/wp\/v2\/media?parent=16885"}],"wp:term":[{"taxonomy":"category","embeddable":true,"href":"https:\/\/www.gruppopdregionetoscana.it\/web\/wp-json\/wp\/v2\/categories?post=16885"},{"taxonomy":"post_tag","embeddable":true,"href":"https:\/\/www.gruppopdregionetoscana.it\/web\/wp-json\/wp\/v2\/tags?post=16885"}],"curies":[{"name":"wp","href":"https:\/\/api.w.org\/{rel}","templated":true}]}}