{"id":16914,"date":"2018-04-04T13:02:08","date_gmt":"2018-04-04T11:02:08","guid":{"rendered":"http:\/\/www.gruppopdregionetoscana.it\/web\/?p=16914"},"modified":"2018-04-04T13:02:08","modified_gmt":"2018-04-04T11:02:08","slug":"crollo-mura-di-san-gimignano-simone-bezzini-e-stefano-scaramelli-massima-vicinanza-la-regione-fara-la-sua-parte","status":"publish","type":"post","link":"https:\/\/www.gruppopdregionetoscana.it\/web\/crollo-mura-di-san-gimignano-simone-bezzini-e-stefano-scaramelli-massima-vicinanza-la-regione-fara-la-sua-parte\/","title":{"rendered":"Crollo Mura di San Gimignano, Simone Bezzini e Stefano Scaramelli: \u201cMassima vicinanza, la Regione far\u00e0 la sua parte\u201d"},"content":{"rendered":"<p><img loading=\"lazy\" decoding=\"async\" class=\"alignleft wp-image-13361 size-full\" src=\"http:\/\/www.gruppopdregionetoscana.it\/web\/wp-content\/uploads\/2016\/07\/scara-bezzini.png\" alt=\"scara bezzini\" width=\"591\" height=\"271\" srcset=\"https:\/\/www.gruppopdregionetoscana.it\/web\/wp-content\/uploads\/2016\/07\/scara-bezzini.png 591w, https:\/\/www.gruppopdregionetoscana.it\/web\/wp-content\/uploads\/2016\/07\/scara-bezzini-300x138.png 300w\" sizes=\"auto, (max-width: 591px) 100vw, 591px\" \/>\u00abVogliamo esprimere la massima vicinanza alla comunit\u00e0 di San Gimignano colpita dal crollo di una parte delle mura medievali. Crediamo che la Regione, come ha gi\u00e0 dimostrato in altri casi simili, sapr\u00e0 essere concretamente di aiuto per favorire e coadiuvare gli interventi gi\u00e0 annunciati dal ministero dei Beni culturali, raccogliendo in questo senso anche l\u2019accorato appello del sindaco Bassi. E\u2019 fondamentale che ci sia tempestivit\u00e0 nell\u2019analisi dei danni e che dopo la messa in sicurezza sia data priorit\u00e0 al recupero delle mura. Un\u2019opera di straordinaria bellezza che oltre a delimitare il centro storico di San Gimignano, patrimonio Unesco, rimane come una delle pi\u00f9 significative testimonianze dell\u2019architettura militare del XIII secolo\u00bb.<\/p>\n<p>Cos\u00ec i consiglieri regionali del Pd <strong>Simone Bezzini<\/strong> e <strong>Stefano Scaramelli<\/strong> dopo il crollo di una parte delle mura medievali di San Gimignano.<\/p>\n","protected":false},"excerpt":{"rendered":"<p>\u00abVogliamo esprimere la massima vicinanza alla comunit\u00e0 di San Gimignano colpita dal crollo di una parte delle mura medievali. Crediamo che la Regione, come ha gi\u00e0 dimostrato in altri casi simili, sapr\u00e0 essere concretamente di aiuto per favorire e coadiuvare gli interventi gi\u00e0 annunciati dal ministero dei Beni culturali, raccogliendo in questo senso anche l\u2019accorato [&hellip;]<\/p>\n","protected":false},"author":1,"featured_media":16915,"comment_status":"closed","ping_status":"closed","sticky":false,"template":"","format":"standard","meta":{"_jetpack_memberships_contains_paid_content":false,"footnotes":""},"categories":[30,956,971],"tags":[],"class_list":{"0":"post-16914","1":"post","2":"type-post","3":"status-publish","4":"format-standard","5":"has-post-thumbnail","7":"category-comunicati-stampa","8":"category-simone-bezzini","9":"category-stefano-scaramelli","10":"czr-hentry"},"jetpack_featured_media_url":"https:\/\/www.gruppopdregionetoscana.it\/web\/wp-content\/uploads\/2018\/04\/murasangimignano.jpg","jetpack_sharing_enabled":true,"_links":{"self":[{"href":"https:\/\/www.gruppopdregionetoscana.it\/web\/wp-json\/wp\/v2\/posts\/16914","targetHints":{"allow":["GET"]}}],"collection":[{"href":"https:\/\/www.gruppopdregionetoscana.it\/web\/wp-json\/wp\/v2\/posts"}],"about":[{"href":"https:\/\/www.gruppopdregionetoscana.it\/web\/wp-json\/wp\/v2\/types\/post"}],"author":[{"embeddable":true,"href":"https:\/\/www.gruppopdregionetoscana.it\/web\/wp-json\/wp\/v2\/users\/1"}],"replies":[{"embeddable":true,"href":"https:\/\/www.gruppopdregionetoscana.it\/web\/wp-json\/wp\/v2\/comments?post=16914"}],"version-history":[{"count":0,"href":"https:\/\/www.gruppopdregionetoscana.it\/web\/wp-json\/wp\/v2\/posts\/16914\/revisions"}],"wp:featuredmedia":[{"embeddable":true,"href":"https:\/\/www.gruppopdregionetoscana.it\/web\/wp-json\/wp\/v2\/media\/16915"}],"wp:attachment":[{"href":"https:\/\/www.gruppopdregionetoscana.it\/web\/wp-json\/wp\/v2\/media?parent=16914"}],"wp:term":[{"taxonomy":"category","embeddable":true,"href":"https:\/\/www.gruppopdregionetoscana.it\/web\/wp-json\/wp\/v2\/categories?post=16914"},{"taxonomy":"post_tag","embeddable":true,"href":"https:\/\/www.gruppopdregionetoscana.it\/web\/wp-json\/wp\/v2\/tags?post=16914"}],"curies":[{"name":"wp","href":"https:\/\/api.w.org\/{rel}","templated":true}]}}