{"id":17035,"date":"2018-05-09T15:51:21","date_gmt":"2018-05-09T13:51:21","guid":{"rendered":"http:\/\/www.gruppopdregionetoscana.it\/web\/?p=17035"},"modified":"2018-05-09T15:51:21","modified_gmt":"2018-05-09T13:51:21","slug":"turismo-sei-nuovi-ambiti-nella-provincia-di-siena-scaramelli-e-bezzini-restituita-identita-e-storia-a-luoghi-unici-coniugandola-alla-modernita-e-competitivita","status":"publish","type":"post","link":"https:\/\/www.gruppopdregionetoscana.it\/web\/turismo-sei-nuovi-ambiti-nella-provincia-di-siena-scaramelli-e-bezzini-restituita-identita-e-storia-a-luoghi-unici-coniugandola-alla-modernita-e-competitivita\/","title":{"rendered":"Turismo, sei nuovi ambiti nella provincia di Siena. Scaramelli e Bezzini: \u201cRestituita identit\u00e0  e  storia a luoghi unici coniugandola alla modernit\u00e0 e competitivit\u00e0\u201d"},"content":{"rendered":"<p><span style=\"font-family: 'Georgia','serif'; font-size: 12pt;\"><span style=\"color: #000000;\"><span style=\"font-family: 'Georgia','serif'; font-size: 12pt;\"><span style=\"color: #000000;\">Ventotto ambiti per la gestione in forma associata di accoglienza e informazione turistica, 6 di questi riguardano i comuni della provincia di Siena. Stamani il Consiglio regionale ha dato il via libera ai nuovi ambiti territoriali omogenei e una modifica rilevante al Testo unico che incide principalmente sulla competitivit\u00e0 delle strutture. <\/span><span style=\"color: #000000;\">In questo modo si completa il testo unico sul turismo, ridisegnando gli ambiti territoriali. <\/span><\/span><\/span><\/span><\/p>\n<p><span style=\"font-family: 'Georgia','serif'; font-size: 12pt;\"><span style=\"color: #000000;\">\u00ab I nuovi ambiti turistici- <b>ha detto il consigliere regionale del Pd Stefano Scaramelli &#8211; <\/b><\/span><span style=\"color: #000000;\">sono diventati legge regionale-.\u00a0 Abbiamo ridato identit\u00e0 e storia\u00a0 a luoghi e territori che la politica in passato aveva diviso, dandogli loro un\u2019organizzazione turistica pi\u00f9 moderna e funzionale. Il turismo per le terre di siena \u00e8 identit\u00e0 e storia. L&#8217;Amiata torna a fare l&#8217;Amiata superando la dicotomia Grosseto Siena; la Valdorcia si ritrova in quella dimensione che \u00e8 patrimonio dell\u2019umanit\u00e0; il Chianti si ricompatta tra Siena e Firenze; la Valdichiana ritrova la sua identit\u00e0 naturale;\u00a0 l&#8217;Area di Siena si contorna delle sue terre e la Valdelsa si apre all&#8217;Etruria Volterrana. Dirlo cos\u00ec sembra banale e semplice, ma in realt\u00e0 abbiamo ascoltato i territori e ridato identit\u00e0 e storia a quei luoghi che in passato per inerzia hanno corso il rischio di sparire.<\/span><\/span><\/p>\n<p><span style=\"font-family: 'Georgia','serif'; font-size: 12pt;\"><span style=\"color: #000000;\">\u00abLa proposta di perimetrazione degli ambiti \u2013 spiega <b>Simone Bezzini<\/b><\/span><span style=\"color: #000000;\">, consigliere regionale Pd \u2013 include dei meccanismi progressivi di flessibilit\u00e0 sulla base dell\u2019esperienza che si verificher\u00e0 sul campo. Tutto ci\u00f2 \u00e8 il risultato di un accurato percorso di approfondimento e confronto con il tessuto istituzionale ed economico dei diversi territori. Si sforza di tradurre un\u2019impostazione strategica e non municipalistica; gli ambiti descrivono, infatti, un\u2019omogeneit\u00e0 territoriale di fondo che per la prima volta non tiene conto dei confini provinciali e configura un prodotto intorno al quale i comuni potranno realizzare non solo le attivit\u00e0 di informazione e accoglienza di carattere sovracomunale, ma anche politiche territoriali volte ad accrescere l\u2019identit\u00e0 condivisa, l\u2019attrattivit\u00e0 turistica, le possibilit\u00e0 di adeguata promozione\u00bb.<\/span><\/span><\/p>\n<p><span style=\"background: white; font-family: 'Georgia','serif'; font-size: 12pt;\"><span style=\"color: #000000;\">Gli ambiti territoriali omogenei sono 28, all\u2019interno di essi i comuni potranno associare le funzioni di informazione e accoglienza turistica sovra comunale; ci\u00f2 sar\u00e0 consentito anche in ambiti contigui qualora i comuni decidano di farlo. Alcuni degli ambiti &#8211; come<\/span> il Chianti e l\u2019Amiata &#8211; sono disegnati superando i confini provinciali, facendo prevalere le identit\u00e0 comuni ai tradizionali perimetri amministrativi. Ciascun ambito potr\u00e0 svolgere attivit\u00e0 di promozione in convenzione con Toscana Promozione Turistica, affermando cos\u00ec una sua visibilit\u00e0 e concorrendo con la sua specificit\u00e0 alla promozione della Toscana nel suo complesso.<\/span><\/p>\n<p><b><span style=\"font-family: 'Georgia','serif'; font-size: 12pt;\"><span style=\"color: #000000;\">Per la provincia di Siena questa la nuova suddivisione:<\/span><\/span><\/b><\/p>\n<p><span style=\"color: #000000;\"><b><span style=\"font-family: 'Georgia','serif'; font-size: 12pt;\">Amiata<\/span><\/b><span style=\"font-family: 'Georgia','serif'; font-size: 12pt;\">\u00a0\u00a0 Abbadia San Salvatore, Arcidosso, Castel del Piano, Castell&#8217;Azzara, Piancastagnaio, Roccalbegna, Santa Fiora, Seggiano <\/span><\/span><\/p>\n<p><span style=\"font-family: 'Georgia','serif'; font-size: 12pt;\"><span style=\"color: #000000;\">\u00a0<\/span><\/span><\/p>\n<p><span style=\"color: #000000;\"><b><span style=\"font-family: 'Georgia','serif'; font-size: 12pt;\">Chianti<\/span><\/b><span style=\"font-family: 'Georgia','serif'; font-size: 12pt;\">\u00a0\u00a0Barberino Val d&#8217;Elsa, Castellina in Chianti, Castelnuovo Berardenga, Gaiole in Chianti, Greve in Chianti, Radda in Chianti, San Casciano in Val di Pesa, Tavarnelle Val di Pesa <\/span><\/span><\/p>\n<p><span style=\"font-family: 'Georgia','serif'; font-size: 12pt;\"><span style=\"color: #000000;\">\u00a0<\/span><\/span><\/p>\n<p><span style=\"color: #000000;\"><b><span style=\"font-family: 'Georgia','serif'; font-size: 12pt;\">Terre di Siena<\/span><\/b><span style=\"font-family: 'Georgia','serif'; font-size: 12pt;\">\u00a0\u00a0\u00a0Asciano, Buonconvento, Chiusdino, Monteroni d\u2019Arbia, Monticiano, Murlo, Rapolano Terme, Siena, Sovicille <\/span><\/span><\/p>\n<p><span style=\"font-family: 'Georgia','serif'; font-size: 12pt;\"><span style=\"color: #000000;\">\u00a0<\/span><\/span><\/p>\n<p><span style=\"color: #000000;\"><b><span style=\"font-family: 'Georgia','serif'; font-size: 12pt;\">Terre di Valdelsa e dell\u2019Etruria Volterrana<\/span><\/b><span style=\"font-family: 'Georgia','serif'; font-size: 12pt;\">\u00a0\u00a0\u00a0Casole d\u2019Elsa, Castelnuovo Val di Cecina, Colle Val d\u2019Elsa, Montecatini Val di Cecina, Monteriggioni, Monteverdi Marittimo, Poggibonsi, Pomarance, Radicondoli, San Gimignano, Volterra <\/span><\/span><\/p>\n<p><span style=\"font-family: 'Georgia','serif'; font-size: 12pt;\"><span style=\"color: #000000;\">\u00a0<\/span><\/span><\/p>\n<p><span style=\"color: #000000;\"><b><span style=\"font-family: 'Georgia','serif'; font-size: 12pt;\">Val d\u2019Orcia<\/span><\/b><span style=\"font-family: 'Georgia','serif'; font-size: 12pt;\">\u00a0\u00a0\u00a0Castiglione d\u2019Orcia, Montalcino, Pienza, Radicofani, San Quirico d&#8217;Orcia <\/span><\/span><\/p>\n<p><span style=\"font-family: 'Georgia','serif'; font-size: 12pt;\"><span style=\"color: #000000;\">\u00a0<\/span><\/span><\/p>\n<p><span style=\"color: #000000;\"><b><span style=\"font-family: 'Georgia','serif'; font-size: 12pt;\">Val di Chiana Senese<\/span><\/b><span style=\"font-family: 'Georgia','serif'; font-size: 12pt;\">\u00a0\u00a0\u00a0\u00a0\u00a0 Cetona, Chianciano Terme, Chiusi, Montepulciano, San Casciano dei Bagni, Sarteano, Sinalunga, Torrita di Siena, Trequanda <\/span><\/span><\/p>\n<p><span style=\"color: #000000; font-family: Calibri;\">\u00a0<\/span><\/p>\n<p>&nbsp;<\/p>\n","protected":false},"excerpt":{"rendered":"<p>Ventotto ambiti per la gestione in forma associata di accoglienza e informazione turistica, 6 di questi riguardano i comuni della provincia di Siena. Stamani il Consiglio regionale ha dato il via libera ai nuovi ambiti territoriali omogenei e una modifica rilevante al Testo unico che incide principalmente sulla competitivit\u00e0 delle strutture. In questo modo si [&hellip;]<\/p>\n","protected":false},"author":1,"featured_media":17036,"comment_status":"closed","ping_status":"closed","sticky":false,"template":"","format":"standard","meta":{"_jetpack_memberships_contains_paid_content":false,"footnotes":""},"categories":[30,956,971],"tags":[],"class_list":{"0":"post-17035","1":"post","2":"type-post","3":"status-publish","4":"format-standard","5":"has-post-thumbnail","7":"category-comunicati-stampa","8":"category-simone-bezzini","9":"category-stefano-scaramelli","10":"czr-hentry"},"jetpack_featured_media_url":"https:\/\/www.gruppopdregionetoscana.it\/web\/wp-content\/uploads\/2018\/05\/valdOrcia.jpg","jetpack_sharing_enabled":true,"_links":{"self":[{"href":"https:\/\/www.gruppopdregionetoscana.it\/web\/wp-json\/wp\/v2\/posts\/17035","targetHints":{"allow":["GET"]}}],"collection":[{"href":"https:\/\/www.gruppopdregionetoscana.it\/web\/wp-json\/wp\/v2\/posts"}],"about":[{"href":"https:\/\/www.gruppopdregionetoscana.it\/web\/wp-json\/wp\/v2\/types\/post"}],"author":[{"embeddable":true,"href":"https:\/\/www.gruppopdregionetoscana.it\/web\/wp-json\/wp\/v2\/users\/1"}],"replies":[{"embeddable":true,"href":"https:\/\/www.gruppopdregionetoscana.it\/web\/wp-json\/wp\/v2\/comments?post=17035"}],"version-history":[{"count":0,"href":"https:\/\/www.gruppopdregionetoscana.it\/web\/wp-json\/wp\/v2\/posts\/17035\/revisions"}],"wp:featuredmedia":[{"embeddable":true,"href":"https:\/\/www.gruppopdregionetoscana.it\/web\/wp-json\/wp\/v2\/media\/17036"}],"wp:attachment":[{"href":"https:\/\/www.gruppopdregionetoscana.it\/web\/wp-json\/wp\/v2\/media?parent=17035"}],"wp:term":[{"taxonomy":"category","embeddable":true,"href":"https:\/\/www.gruppopdregionetoscana.it\/web\/wp-json\/wp\/v2\/categories?post=17035"},{"taxonomy":"post_tag","embeddable":true,"href":"https:\/\/www.gruppopdregionetoscana.it\/web\/wp-json\/wp\/v2\/tags?post=17035"}],"curies":[{"name":"wp","href":"https:\/\/api.w.org\/{rel}","templated":true}]}}