{"id":17039,"date":"2018-05-11T11:49:35","date_gmt":"2018-05-11T09:49:35","guid":{"rendered":"http:\/\/www.gruppopdregionetoscana.it\/web\/?p=17039"},"modified":"2018-05-11T11:49:35","modified_gmt":"2018-05-11T09:49:35","slug":"carrara-incidente-mortale-cave-bugliani-pd-ennesima-vittima-del-lavoro-tragedia-inaccettabile","status":"publish","type":"post","link":"https:\/\/www.gruppopdregionetoscana.it\/web\/carrara-incidente-mortale-cave-bugliani-pd-ennesima-vittima-del-lavoro-tragedia-inaccettabile\/","title":{"rendered":"Carrara, incidente mortale cave, Bugliani (Pd): \u201cEnnesima vittima del lavoro, tragedia inaccettabile\u201d"},"content":{"rendered":"<p><strong><img loading=\"lazy\" decoding=\"async\" class=\"size-medium wp-image-13314 alignleft\" src=\"http:\/\/www.gruppopdregionetoscana.it\/web\/wp-content\/uploads\/2016\/07\/cave-300x159.jpg\" alt=\"cave\" width=\"300\" height=\"159\" srcset=\"https:\/\/www.gruppopdregionetoscana.it\/web\/wp-content\/uploads\/2016\/07\/cave-300x159.jpg 300w, https:\/\/www.gruppopdregionetoscana.it\/web\/wp-content\/uploads\/2016\/07\/cave.jpg 683w\" sizes=\"auto, (max-width: 300px) 100vw, 300px\" \/><\/strong>\u201cApprendo con profondo dolore del terribile incidente verificatosi alle cave di Carrara. Un\u2019altra vittima del lavoro, l\u2019ennesima, che si aggiunge a un elenco ancora troppo lungo e drammatico. Quella di oggi \u00e8 un&#8217;altra tragedia che non possiamo accettare. Non posso che esprimere la pi\u00f9 totale vicinanza mia e dell\u2019intero gruppo consiliare in Regione alla famiglia della vittima, ai colleghi, a tutte le persone coinvolte. Ma \u00e8 certo che la solidariet\u00e0 non sia sufficiente, non pu\u00f2 pi\u00f9 esserlo. Occorre chiarire in primo luogo la dinamica di quanto successo, occorre non abbassare la guardia e fare sempre di pi\u00f9 sul tema della sicurezza del lavoro. Perch\u00e9 morti come quella di oggi non devono pi\u00f9 accadere, mai pi\u00f9\u201d.<\/p>\n<p>&nbsp;<\/p>\n<p>Cos\u00ec <strong>Giacomo Bugliani<\/strong>, consigliere regionale Pd, sull\u2019incidente verificatosi questa mattina alle cave di Carrara in cui un lavoratore ha perso la vita.<\/p>\n","protected":false},"excerpt":{"rendered":"<p>\u201cApprendo con profondo dolore del terribile incidente verificatosi alle cave di Carrara. Un\u2019altra vittima del lavoro, l\u2019ennesima, che si aggiunge a un elenco ancora troppo lungo e drammatico. Quella di oggi \u00e8 un&#8217;altra tragedia che non possiamo accettare. Non posso che esprimere la pi\u00f9 totale vicinanza mia e dell\u2019intero gruppo consiliare in Regione alla famiglia [&hellip;]<\/p>\n","protected":false},"author":1,"featured_media":13314,"comment_status":"closed","ping_status":"closed","sticky":false,"template":"","format":"standard","meta":{"_jetpack_memberships_contains_paid_content":false,"footnotes":""},"categories":[30,961],"tags":[695,105,1943],"class_list":{"0":"post-17039","1":"post","2":"type-post","3":"status-publish","4":"format-standard","5":"has-post-thumbnail","7":"category-comunicati-stampa","8":"category-giacomo-bugliani","9":"tag-cave","10":"tag-lavoro","11":"tag-sicurezza-sul-lavoro","12":"czr-hentry"},"jetpack_featured_media_url":"https:\/\/www.gruppopdregionetoscana.it\/web\/wp-content\/uploads\/2016\/07\/cave.jpg","jetpack_sharing_enabled":true,"_links":{"self":[{"href":"https:\/\/www.gruppopdregionetoscana.it\/web\/wp-json\/wp\/v2\/posts\/17039","targetHints":{"allow":["GET"]}}],"collection":[{"href":"https:\/\/www.gruppopdregionetoscana.it\/web\/wp-json\/wp\/v2\/posts"}],"about":[{"href":"https:\/\/www.gruppopdregionetoscana.it\/web\/wp-json\/wp\/v2\/types\/post"}],"author":[{"embeddable":true,"href":"https:\/\/www.gruppopdregionetoscana.it\/web\/wp-json\/wp\/v2\/users\/1"}],"replies":[{"embeddable":true,"href":"https:\/\/www.gruppopdregionetoscana.it\/web\/wp-json\/wp\/v2\/comments?post=17039"}],"version-history":[{"count":0,"href":"https:\/\/www.gruppopdregionetoscana.it\/web\/wp-json\/wp\/v2\/posts\/17039\/revisions"}],"wp:featuredmedia":[{"embeddable":true,"href":"https:\/\/www.gruppopdregionetoscana.it\/web\/wp-json\/wp\/v2\/media\/13314"}],"wp:attachment":[{"href":"https:\/\/www.gruppopdregionetoscana.it\/web\/wp-json\/wp\/v2\/media?parent=17039"}],"wp:term":[{"taxonomy":"category","embeddable":true,"href":"https:\/\/www.gruppopdregionetoscana.it\/web\/wp-json\/wp\/v2\/categories?post=17039"},{"taxonomy":"post_tag","embeddable":true,"href":"https:\/\/www.gruppopdregionetoscana.it\/web\/wp-json\/wp\/v2\/tags?post=17039"}],"curies":[{"name":"wp","href":"https:\/\/api.w.org\/{rel}","templated":true}]}}