{"id":17186,"date":"2018-06-27T15:33:19","date_gmt":"2018-06-27T13:33:19","guid":{"rendered":"http:\/\/www.gruppopdregionetoscana.it\/web\/?p=17186"},"modified":"2018-06-27T15:33:19","modified_gmt":"2018-06-27T13:33:19","slug":"viabilita-e-accordi-di-programma-ok-a-normativa-che-accelera-e-semplifica-procedure-baccelli-pd-ora-determinante-il-passaggio-in-conferenza-servizi-azione-utile-a-sbloccare-opere-fondam","status":"publish","type":"post","link":"https:\/\/www.gruppopdregionetoscana.it\/web\/viabilita-e-accordi-di-programma-ok-a-normativa-che-accelera-e-semplifica-procedure-baccelli-pd-ora-determinante-il-passaggio-in-conferenza-servizi-azione-utile-a-sbloccare-opere-fondam\/","title":{"rendered":"Viabilit\u00e0 e accordi di programma, ok a normativa che accelera e semplifica procedure  Baccelli (Pd): \u201cOra determinante il passaggio in Conferenza servizi: azione utile a sbloccare opere fondamentali\u201d"},"content":{"rendered":"<p><em><img loading=\"lazy\" decoding=\"async\" class=\"size-medium wp-image-14604 alignleft\" src=\"http:\/\/www.gruppopdregionetoscana.it\/web\/wp-content\/uploads\/2016\/11\/stefano_baccelli-300x237-300x237.jpg\" alt=\"\" width=\"300\" height=\"237\" \/>Il presidente commissione Ambiente, territorio e infrastrutture interviene per illustrare la proposta di legge <strong>Disposizioni procedurali in materia di viabilit\u00e0 regionali e Accordi di Programma per opere pubbliche di interesse strategico regionale. Modifiche all&#8217;art. 24 della L.R. 10 dicembre 1988, n. 88 e articolo 4 della L.R. 1 agosto 2011, n. 35<\/strong><\/em>, <em>approvata dall\u2019assemblea toscana dopo ok unanime del Cal<\/em><\/p>\n<p><em>\u00a0<\/em><\/p>\n<p>\u201cUna normativa che si \u00e8 resa necessaria grazie a un\u2019opportunit\u00e0 straordinaria come quella della delibera CIPE del 10 agosto 2016 che ha sbloccato finanziamenti per oltre 106 milioni di euro per le infrastrutture viarie toscane, a cui si vanno a aggiungere altri provvedimenti riferiti a ulteriori risorse messe in campo dal CIPE. \u00a0Obiettivo di queste modifiche di legge \u00e8 rendere pi\u00f9 celere la realizzazione di opere strategiche regionali, evitando il rischio opposto, ovvero quello della revoca dei finanziamenti,che accadrebbe se entro il 31 dicembre 2019 non si concludessero i passaggi necessari e vincolanti per l\u2019aggiudicazione degli appalti dei lavori. Per questo il passaggio in conferenza dei servizi e l\u2019approvazione in questa sede dei progetti va a costituire contestuale variante degli atti di governo del territorio. In poche parole diventa determinante l\u2019utilizzo di questo strumento per proseguire nelle procedure, ottenendo cos\u00ec una semplificazione burocratica importante, decisiva per una realizzazione certa e rapida delle opere in questione. Con questa proposta di legge inoltre si rende possibile apportare, varianti concertate con gli enti locali, agli strumenti di pianificazione territoriale in materia di opere strategiche regionali, anche nel caso siano interessate aree o immobili esterni al perimetro del territorio urbanizzato. Finora tale possibilit\u00e0 non era prevista e la limitazione al territorio urbanizzato rendeva complicato operare in diverse situazioni relative alla viabilit\u00e0 regionale. Il risultato che si consegue \u00e8 quindi ampliare le possibilit\u00e0 di semplificazione e snellimento procedurale in modo da velocizzare e razionalizzare le azioni necessarie alla realizzazione di infrastrutture viarie attese da tempo dai cittadini toscani. La proposta approvata oggi aveva gi\u00e0 avuto l\u2019ok unanime dal Consiglio delle autonomie locali\u201d<\/p>\n<p>Cos\u00ec <strong>Stefano Baccelli<\/strong>, presidente commissione Ambiente, territorio e infrastrutture, illustrando in aula le modifiche di legge <em>Disposizioni procedurali in materia di viabilit\u00e0 regionali e Accordi di Programma per opere pubbliche di interesse strategico regionale<\/em> approvate nella seduta odierna del Consiglio regionale.<\/p>\n","protected":false},"excerpt":{"rendered":"<p>Il presidente commissione Ambiente, territorio e infrastrutture interviene per illustrare la proposta di legge Disposizioni procedurali in materia di viabilit\u00e0 regionali e Accordi di Programma per opere pubbliche di interesse strategico regionale. Modifiche all&#8217;art. 24 della L.R. 10 dicembre 1988, n. 88 e articolo 4 della L.R. 1 agosto 2011, n. 35, approvata dall\u2019assemblea toscana [&hellip;]<\/p>\n","protected":false},"author":1,"featured_media":14604,"comment_status":"closed","ping_status":"closed","sticky":false,"template":"","format":"standard","meta":{"_jetpack_memberships_contains_paid_content":false,"footnotes":""},"categories":[30,958],"tags":[48,697],"class_list":{"0":"post-17186","1":"post","2":"type-post","3":"status-publish","4":"format-standard","5":"has-post-thumbnail","7":"category-comunicati-stampa","8":"category-stefano-baccelli","9":"tag-infrastrutture","10":"tag-viabilita","11":"czr-hentry"},"jetpack_featured_media_url":"https:\/\/www.gruppopdregionetoscana.it\/web\/wp-content\/uploads\/2016\/11\/stefano_baccelli-300x237.jpg","jetpack_sharing_enabled":true,"_links":{"self":[{"href":"https:\/\/www.gruppopdregionetoscana.it\/web\/wp-json\/wp\/v2\/posts\/17186","targetHints":{"allow":["GET"]}}],"collection":[{"href":"https:\/\/www.gruppopdregionetoscana.it\/web\/wp-json\/wp\/v2\/posts"}],"about":[{"href":"https:\/\/www.gruppopdregionetoscana.it\/web\/wp-json\/wp\/v2\/types\/post"}],"author":[{"embeddable":true,"href":"https:\/\/www.gruppopdregionetoscana.it\/web\/wp-json\/wp\/v2\/users\/1"}],"replies":[{"embeddable":true,"href":"https:\/\/www.gruppopdregionetoscana.it\/web\/wp-json\/wp\/v2\/comments?post=17186"}],"version-history":[{"count":0,"href":"https:\/\/www.gruppopdregionetoscana.it\/web\/wp-json\/wp\/v2\/posts\/17186\/revisions"}],"wp:featuredmedia":[{"embeddable":true,"href":"https:\/\/www.gruppopdregionetoscana.it\/web\/wp-json\/wp\/v2\/media\/14604"}],"wp:attachment":[{"href":"https:\/\/www.gruppopdregionetoscana.it\/web\/wp-json\/wp\/v2\/media?parent=17186"}],"wp:term":[{"taxonomy":"category","embeddable":true,"href":"https:\/\/www.gruppopdregionetoscana.it\/web\/wp-json\/wp\/v2\/categories?post=17186"},{"taxonomy":"post_tag","embeddable":true,"href":"https:\/\/www.gruppopdregionetoscana.it\/web\/wp-json\/wp\/v2\/tags?post=17186"}],"curies":[{"name":"wp","href":"https:\/\/api.w.org\/{rel}","templated":true}]}}