{"id":17189,"date":"2018-06-27T15:45:54","date_gmt":"2018-06-27T13:45:54","guid":{"rendered":"http:\/\/www.gruppopdregionetoscana.it\/web\/?p=17189"},"modified":"2018-06-27T15:45:54","modified_gmt":"2018-06-27T13:45:54","slug":"17189-2","status":"publish","type":"post","link":"https:\/\/www.gruppopdregionetoscana.it\/web\/17189-2\/","title":{"rendered":""},"content":{"rendered":"<p style=\"text-align: justify;\"><span style=\"font-size: 11.0pt; font-family: 'Arial','sans-serif';\">\u201cSolidariet\u00e0 e vicinanza ai lavoratori della Tmm di Pontedera. Ho avuto modo esprimerla nuovamente\u00a0luned\u00ec, andando personalmente al presidio davanti alla fabbrica e l&#8217;ho ribadito oggi, illustrando la mozione di cui sono prima firmataria. Credo che il lavoro, e la sua difesa, debbano continuare ad essere centrali nelle politiche regionali.\u00a0Con questo atto vogliamo dare un messaggio chiaro ai lavoratori, ma anche sostenere l&#8217;impegno del Presidente Rossi e della Giunta Regionale affinch\u00e9 continuino a tenere alta l\u2019attenzione su questa crisi cercando, come fatto sin dall\u2019inizio, la soluzione migliore\u00a0a partire dal sostegno all\u2019ipotesi di costituzione di una cooperativa dei lavoratori\u201d, spiega\u00a0<b>Alessandra Nardini<\/b>, Consigliera regionale.\u00a0<\/span><\/p>\n<p style=\"text-align: justify;\"><span style=\"font-size: 11.0pt; font-family: 'Arial','sans-serif'; color: #1d2129; background: white;\">La Tmm di Pontedera \u00e8 una realt\u00e0 affermata dell&#8217;indotto Piaggio che dall&#8217;agosto 2017 vive una grave crisi iniziata con l\u2019avvio da parte della propriet\u00e0 dell\u2019iter di liquidazione e, di conseguenza, al licenziamento di 85 dipendenti, senza nessun preavviso. I lavoratori, da subito, hanno reagito con una mobilitazione permanente per protestare contro la chiusura dello stabilimento ed in difesa dei posti di lavoro. Pochi giorni fa ventisei lavoratori ed un esponente sindacale che hanno preso parte al presidio sono stati raggiunti da due distinti atti di citazione da parte del tribunale di Pisa depositati a cura dei legali del liquidatore di detta societ\u00e0: il primo, urgente, attiene alla richiesta di smantellamento del presidio, il secondo con richiesta di risarcimento danni per un ammontare di circa di un milione di euro, con la motivazione di avere impedito il libero accesso allo stabilimento e conseguentemente il processo di liquidazione.\u00a0<\/span><\/p>\n<p style=\"text-align: justify;\"><span style=\"font-size: 11.0pt; font-family: 'Arial','sans-serif'; color: #1d2129;\"><img loading=\"lazy\" decoding=\"async\" class=\"alignleft size-medium wp-image-14196\" src=\"http:\/\/www.gruppopdregionetoscana.it\/web\/wp-content\/uploads\/2016\/10\/mazzeo-nardini-pieroni-300x135.jpg\" alt=\"\" width=\"300\" height=\"135\" srcset=\"https:\/\/www.gruppopdregionetoscana.it\/web\/wp-content\/uploads\/2016\/10\/mazzeo-nardini-pieroni-300x135.jpg 300w, https:\/\/www.gruppopdregionetoscana.it\/web\/wp-content\/uploads\/2016\/10\/mazzeo-nardini-pieroni.jpg 700w\" sizes=\"auto, (max-width: 300px) 100vw, 300px\" \/>\u201cIl presidio dei lavoratori, che in quasi un anno \u00e8 stato sempre pacifico e rispettoso, ha impedito di fatto lo smantellamento della fabbrica mantenendo viva la speranza di raggiungere una soluzione condivisa per riprendere l\u2019attivit\u00e0; ma quello che successo negli ultimi giorni \u00e8 davvero inaccettabile. Come abbiamo fatto sin dall\u2019inizio, anche oggi non staremo in silenzio e prendiamo una posizione chiara: a fianco dei lavoratori e dei rappresentanti sindacali. L&#8217;approvazione della mozione di oggi rafforza ulteriormente questa volont\u00e0, ci vede ancora una volta schierati in prima fila nella difesa del lavoro sui nostri territori e e d\u00e0 ancora maggiore risonanza alle tante voci istituzionali, tra cui anche quella del presidente Rossi, che gi\u00e0 si sono mobilitate\u201d.\u00a0<\/span><span style=\"font-size: 11.0pt; font-family: 'Arial','sans-serif';\">Cos\u00ec i Consiglieri regionali Pd della provincia di Pisa\u00a0<b>Antonio Mazzeo<\/b>,\u00a0<b>Alessandra Nardini<\/b>\u00a0e\u00a0<b>Andrea Pieroni<\/b>.\u00a0<\/span><\/p>\n<p style=\"text-align: justify;\"><span style=\"font-size: 11.0pt; font-family: 'Arial','sans-serif'; color: #1d2129;\">In particolare l\u2019atto, sottoscritto anche dalla capogruppo di Mdp Serena Spinelli, chiede all\u2019aula del Consiglio Regionale di\u00a0<span style=\"background: white;\">esprimere solidariet\u00e0 e vicinanza agli operai e rappresentanti sindacali coinvolti ed impegnia la Giunta a proseguire nell\u2019azione di attento monitoraggio della vertenza ex TMM di Pontedera prestando, a seguito dei recenti sviluppi giudiziari della vicenda, particolare attenzione e sostegno nei riguardi della richiamata disponibilit\u00e0 dei lavoratori a costituirsi in impresa cooperativa, anche nella prospettiva di una complessiva tutela dei diritti e delle garanzie dei lavoratori da lungo tempo impegnati a salvaguardare il posto di lavoro.<\/span><\/span><\/p>\n","protected":false},"excerpt":{"rendered":"<p>\u201cSolidariet\u00e0 e vicinanza ai lavoratori della Tmm di Pontedera. Ho avuto modo esprimerla nuovamente\u00a0luned\u00ec, andando personalmente al presidio davanti alla fabbrica e l&#8217;ho ribadito oggi, illustrando la mozione di cui sono prima firmataria. Credo che il lavoro, e la sua difesa, debbano continuare ad essere centrali nelle politiche regionali.\u00a0Con questo atto vogliamo dare un messaggio [&hellip;]<\/p>\n","protected":false},"author":1,"featured_media":16089,"comment_status":"closed","ping_status":"closed","sticky":false,"template":"","format":"standard","meta":{"_jetpack_memberships_contains_paid_content":false,"footnotes":""},"categories":[968,970,966,30],"tags":[],"class_list":{"0":"post-17189","1":"post","2":"type-post","3":"status-publish","4":"format-standard","5":"has-post-thumbnail","7":"category-alessandra-nardini","8":"category-andrea-pieroni","9":"category-antonio-mazzeo","10":"category-comunicati-stampa","11":"czr-hentry"},"jetpack_featured_media_url":"https:\/\/www.gruppopdregionetoscana.it\/web\/wp-content\/uploads\/2017\/08\/tmm.jpg","jetpack_sharing_enabled":true,"_links":{"self":[{"href":"https:\/\/www.gruppopdregionetoscana.it\/web\/wp-json\/wp\/v2\/posts\/17189","targetHints":{"allow":["GET"]}}],"collection":[{"href":"https:\/\/www.gruppopdregionetoscana.it\/web\/wp-json\/wp\/v2\/posts"}],"about":[{"href":"https:\/\/www.gruppopdregionetoscana.it\/web\/wp-json\/wp\/v2\/types\/post"}],"author":[{"embeddable":true,"href":"https:\/\/www.gruppopdregionetoscana.it\/web\/wp-json\/wp\/v2\/users\/1"}],"replies":[{"embeddable":true,"href":"https:\/\/www.gruppopdregionetoscana.it\/web\/wp-json\/wp\/v2\/comments?post=17189"}],"version-history":[{"count":0,"href":"https:\/\/www.gruppopdregionetoscana.it\/web\/wp-json\/wp\/v2\/posts\/17189\/revisions"}],"wp:featuredmedia":[{"embeddable":true,"href":"https:\/\/www.gruppopdregionetoscana.it\/web\/wp-json\/wp\/v2\/media\/16089"}],"wp:attachment":[{"href":"https:\/\/www.gruppopdregionetoscana.it\/web\/wp-json\/wp\/v2\/media?parent=17189"}],"wp:term":[{"taxonomy":"category","embeddable":true,"href":"https:\/\/www.gruppopdregionetoscana.it\/web\/wp-json\/wp\/v2\/categories?post=17189"},{"taxonomy":"post_tag","embeddable":true,"href":"https:\/\/www.gruppopdregionetoscana.it\/web\/wp-json\/wp\/v2\/tags?post=17189"}],"curies":[{"name":"wp","href":"https:\/\/api.w.org\/{rel}","templated":true}]}}