{"id":17211,"date":"2018-07-04T13:16:54","date_gmt":"2018-07-04T11:16:54","guid":{"rendered":"http:\/\/www.gruppopdregionetoscana.it\/web\/?p=17211"},"modified":"2018-07-04T13:16:54","modified_gmt":"2018-07-04T11:16:54","slug":"istituzione-comune-montepulciano-torrita-di-siena-ok-del-consiglio-regionale-a-referendum","status":"publish","type":"post","link":"https:\/\/www.gruppopdregionetoscana.it\/web\/istituzione-comune-montepulciano-torrita-di-siena-ok-del-consiglio-regionale-a-referendum\/","title":{"rendered":"Istituzione comune Montepulciano Torrita di Siena, ok del Consiglio regionale a referendum"},"content":{"rendered":"<p><strong><img loading=\"lazy\" decoding=\"async\" class=\"size-medium wp-image-13660 alignleft\" src=\"http:\/\/www.gruppopdregionetoscana.it\/web\/wp-content\/uploads\/2016\/07\/fusioni-300x149.jpg\" alt=\"\" width=\"300\" height=\"149\" srcset=\"https:\/\/www.gruppopdregionetoscana.it\/web\/wp-content\/uploads\/2016\/07\/fusioni-300x149.jpg 300w, https:\/\/www.gruppopdregionetoscana.it\/web\/wp-content\/uploads\/2016\/07\/fusioni.jpg 800w\" sizes=\"auto, (max-width: 300px) 100vw, 300px\" \/>Marras e Bugliani (Pd): \u201cUn importante progetto di fusione, recepita sollecitazione dei territori per un dibattito chiaro e trasparente\u201d<\/strong><\/p>\n<p>&nbsp;<\/p>\n<p>Il Consiglio regionale delibera di effettuare il referendum consultivo per la fusione dei Comuni di Montepulciano e di Torrita di Siena. La proposta \u00e8 stata approvata nella seduta odierna dell\u2019assemblea toscana. Collegato al provvedimento anche un ordine del giorno del Partito Democratico, primi firmatari il capogruppo <strong>Leonardo Marras<\/strong> e il presidente commissione Affari istituzionali <strong>Giacomo Bugliani<\/strong>, che impegna il Consiglio regionale, a \u201ctenere conto, nel pieno rispetto delle sue prerogative, nella conclusione dell\u2019iter legislativo in oggetto, prima di tutto della volont\u00e0 espressa dai cittadini con il voto e dell\u2019eventuale orientamento assunto dai Comuni successivamente allo svolgimento della consultazione referendaria mediante determinazione dei rispettivi consigli comunali\u201d, un atto che risponde alle istanze manifestate dagli amministratori e dai cittadini durante l\u2019istruttoria in commissione.<\/p>\n<p>\u201cQuesta delibera \u00e8 il risultato di un lungo percorso di ascolto e confronto con gli amministratori locali e con le comunit\u00e0 che abbiamo svolto in Prima commissione. &#8211; ha illustrato <strong>Bugliani<\/strong> &#8211; Nell\u2019ordine del giorno collegato ci siamo fatti promotori di alcune prescrizioni per venire incontro in maniera cogente a una questione pi\u00f9 volte sollevata durante questo percorso dalle comunit\u00e0. Le deliberazioni dei Consigli comunali di Montepulciano e Torrita di Siena hanno fatto presente che la volont\u00e0 di procedere all\u2019aggregazione territoriale \u2018\u00e8 subordinata al consenso espresso dalle popolazioni interessate con il raggiungimento del quorum, in ciascun Comune, del 50% pi\u00f9 uno favorevole dei votanti\u2019, cos\u00ec come ribadito dai sindaci auditi in Commissione, assieme ai comitati. Il dibattito in Commissione ha inoltre messo in evidenza la volont\u00e0, a seguito dell&#8217;esito del referendum, di convocare i Consigli Comunali per valutare il risultato, in coerenza con quanto gi\u00e0 espresso da quegli organi. Va ricordato poi che Montepulciano e Torrita non rientrano tra i comuni di minore dimensione demografica obbligati per legge all&#8217;esercizio associato delle funzioni fondamentali\u201d.<\/p>\n<p>\u201cPer quanto riguarda le fusioni dei comuni, come Partito democratico siamo fortemente convinti della spinta riformatrice di questi processi e della loro capacit\u00e0 di innalzare la qualit\u00e0 della pubblica amministrazione locale. \u2013 ha spiegato <strong>Marras<\/strong> &#8211; \u00a0In Toscana per legge abbiamo optato, come strumento di consultazione, per il referendum, dopo il quale poi, in ogni procedimento, l\u2019assemblea regionale \u00e8 chiamata a una valutazione, sempre nell\u2019interesse delle comunit\u00e0 coinvolte. Una scelta, che siamo convinti, valorizza la partecipazione e nel contempo permette al Consiglio regionale di prendere le decisioni pi\u00f9 adeguate. In questo caso abbiamo voluto rafforzare con un ordine del giorno la necessit\u00e0 di tener conto della volont\u00e0 espressa dal voto popolare e dall\u2019eventuale pronunciamento dei consigli comunali dopo la consultazione, a conclusione dell\u2019iter legislativo. Si tratta di un caso peculiare di fusione, in cui gli enti sono di grandi dimensioni e in cui quindi l\u2019aggregazione \u00e8 prima di tutto e pi\u00f9 che altre volte un preciso progetto politico. Abbiamo ritenuto quindi fondamentale raccogliere le sollecitazioni arrivate dal territorio, per un dibattito sereno, chiaro e trasparente sulle ragioni del s\u00ec o del no alla costruzione di un nuovo comune e sottolineare l\u2019ordinamento chiaro con cui procederemo nella valutazione. \u00c8 il contributo pi\u00f9 che doveroso che siamo tenuti a dare al territorio come rappresentanti politici\u201d.<\/p>\n","protected":false},"excerpt":{"rendered":"<p>Marras e Bugliani (Pd): \u201cUn importante progetto di fusione, recepita sollecitazione dei territori per un dibattito chiaro e trasparente\u201d &nbsp; Il Consiglio regionale delibera di effettuare il referendum consultivo per la fusione dei Comuni di Montepulciano e di Torrita di Siena. La proposta \u00e8 stata approvata nella seduta odierna dell\u2019assemblea toscana. Collegato al provvedimento anche [&hellip;]<\/p>\n","protected":false},"author":1,"featured_media":13660,"comment_status":"closed","ping_status":"closed","sticky":false,"template":"","format":"standard","meta":{"_jetpack_memberships_contains_paid_content":false,"footnotes":""},"categories":[30,961,954],"tags":[],"class_list":{"0":"post-17211","1":"post","2":"type-post","3":"status-publish","4":"format-standard","5":"has-post-thumbnail","7":"category-comunicati-stampa","8":"category-giacomo-bugliani","9":"category-leonardo-marras","10":"czr-hentry"},"jetpack_featured_media_url":"https:\/\/www.gruppopdregionetoscana.it\/web\/wp-content\/uploads\/2016\/07\/fusioni.jpg","jetpack_sharing_enabled":true,"_links":{"self":[{"href":"https:\/\/www.gruppopdregionetoscana.it\/web\/wp-json\/wp\/v2\/posts\/17211","targetHints":{"allow":["GET"]}}],"collection":[{"href":"https:\/\/www.gruppopdregionetoscana.it\/web\/wp-json\/wp\/v2\/posts"}],"about":[{"href":"https:\/\/www.gruppopdregionetoscana.it\/web\/wp-json\/wp\/v2\/types\/post"}],"author":[{"embeddable":true,"href":"https:\/\/www.gruppopdregionetoscana.it\/web\/wp-json\/wp\/v2\/users\/1"}],"replies":[{"embeddable":true,"href":"https:\/\/www.gruppopdregionetoscana.it\/web\/wp-json\/wp\/v2\/comments?post=17211"}],"version-history":[{"count":0,"href":"https:\/\/www.gruppopdregionetoscana.it\/web\/wp-json\/wp\/v2\/posts\/17211\/revisions"}],"wp:featuredmedia":[{"embeddable":true,"href":"https:\/\/www.gruppopdregionetoscana.it\/web\/wp-json\/wp\/v2\/media\/13660"}],"wp:attachment":[{"href":"https:\/\/www.gruppopdregionetoscana.it\/web\/wp-json\/wp\/v2\/media?parent=17211"}],"wp:term":[{"taxonomy":"category","embeddable":true,"href":"https:\/\/www.gruppopdregionetoscana.it\/web\/wp-json\/wp\/v2\/categories?post=17211"},{"taxonomy":"post_tag","embeddable":true,"href":"https:\/\/www.gruppopdregionetoscana.it\/web\/wp-json\/wp\/v2\/tags?post=17211"}],"curies":[{"name":"wp","href":"https:\/\/api.w.org\/{rel}","templated":true}]}}