{"id":17212,"date":"2018-07-04T13:21:16","date_gmt":"2018-07-04T11:21:16","guid":{"rendered":"http:\/\/www.gruppopdregionetoscana.it\/web\/?p=17212"},"modified":"2018-07-04T13:33:00","modified_gmt":"2018-07-04T11:33:00","slug":"cammini-regionali-de-robertis-pd-oggi-approviamo-un-atto-di-rispetto-ai-nostri-luoghi-e-alle-persone-che-lo-hanno-amato-e-attraversato","status":"publish","type":"post","link":"https:\/\/www.gruppopdregionetoscana.it\/web\/cammini-regionali-de-robertis-pd-oggi-approviamo-un-atto-di-rispetto-ai-nostri-luoghi-e-alle-persone-che-lo-hanno-amato-e-attraversato\/","title":{"rendered":"Cammini Regionali, De Robertis (PD): \u201cOggi approviamo un atto di rispetto ai nostri luoghi e alle persone che lo hanno amato e attraversato\u201d"},"content":{"rendered":"<p style=\"text-align: justify;\"><span style=\"color: #000000;\"><em>Approvata all\u2019unanimit\u00e0 la proposta di legge per il riconoscimento, la valorizzazione e la promozione dei cammini regionali, si avvia a nascere un sistema compiuto di itinerari a mobilit\u00e0 dolce, per vivere luoghi legati da storie e tradizioni documentate, per una valorizzazione di una Toscana pi\u00f9 nascosta, ma non per questo minore.<\/em><\/span><\/p>\n<p style=\"text-align: justify;\"><span style=\"color: #000000;\"><img loading=\"lazy\" decoding=\"async\" class=\"size-thumbnail wp-image-17213 alignleft\" src=\"http:\/\/www.gruppopdregionetoscana.it\/web\/wp-content\/uploads\/2018\/07\/WhatsApp-Image-2018-07-04-at-12.55.30-151x150.jpeg\" alt=\"\" width=\"151\" height=\"150\" \/>Questa proposta di legge \u2013 spiega <strong>Lucia De Robertis<\/strong>, vicepresidente del consiglio regionale e prima firmataria della proposta di legge &#8211; \u00a0propone all\u2019aula del riconoscimento dei cammini locali di interesse regionale, quali itinerari localizzati prevalentemente nel paesaggio rurale e naturale toscano forieri di un ulteriore sviluppo di quel turismo sostenibile su cui la Toscana \u00e8 chiamata ad investire per rafforzare la sua capacit\u00e0 di attrazione turistica, particolarmente verso le aree del territorio pi\u00f9 marginali rispetto ai canonici flussi di visitatori. Abbiamo pensato di offrire a chi viene un\u2019esperienza che \u00e8 un racconto dei nostri fatti storici e del nostro territorio, che legano anche luoghi e manufatti, dipanandosi lungo un percorso da vivere nella dimensione della mobilit\u00e0 lenta. A piedi, prevalentemente, ma anche in bicicletta e cavallo. Penso a tutti i prodotti d\u2019eccellenza ai luoghi storico religiosi, uno per tutti al poverello d\u2019assisi, penso alla transumanza delle greggi, sono tutte questi particolari che messi insieme fanno della Toscana un paesaggio unico al mondo, non bisogna infatti essere grandi ma avere valore per essere riconosciuti.<\/span><\/p>\n<p style=\"text-align: justify;\"><span style=\"color: #000000;\">\u00a0<\/span><\/p>\n<p><img loading=\"lazy\" decoding=\"async\" class=\"alignright size-thumbnail wp-image-17217\" style=\"color: #000000; text-align: justify;\" src=\"http:\/\/www.gruppopdregionetoscana.it\/web\/wp-content\/uploads\/2018\/07\/RisultatoVotoAula-151x150.jpeg\" alt=\"\" width=\"151\" height=\"150\" \/><\/p>\n<p style=\"text-align: justify;\"><span style=\"color: #000000;\">Si \u00e8 voluto \u2013 prosegue De Robertis &#8211; che il percorso di discussione e approvazione della legge fosse il pi\u00f9 possibile partecipato, nella certezza che intervenire con una legge in questo\u00a0settore, cos\u00ec in espansione in termini di interesse, ma cos\u00ec delicato per gli effetti che le decisioni assunte potevano produrre sull\u2019ambiente e sul paesaggio, dovesse favorire il massimo contributo possibile di idee e competenze. Il voto unanime di oggi d\u00e0 ragione e senso a questo percorso. Un percorso partito dalle consultazioni, prima, e la creazione di un gruppo di lavoro consiglio \u2013 giunta, poi,\u00a0 gruppo \u2013 ci tengo a dirlo &#8211; ottimamente gestito dai collaboratori delle commissioni consiliari competenti al rilascio del parere referente, da cui \u00e8 scaturito il testo oggi in esame. Che presenta alcune significative modifiche, rispetto alla proposta originaria, conseguenza proprio di attente valutazioni oggettivamente condivisibili.<\/span><\/p>\n<p style=\"text-align: justify;\"><span style=\"color: #000000;\"><img loading=\"lazy\" decoding=\"async\" class=\"size-thumbnail wp-image-17219 alignleft\" src=\"http:\/\/www.gruppopdregionetoscana.it\/web\/wp-content\/uploads\/2018\/07\/WhatsApp-Image-2018-07-04-at-12.55.08-151x150.jpeg\" alt=\"\" width=\"151\" height=\"150\" \/>Il testo all\u2019odierna esame del Consiglio vede rafforzata la disciplina sul riconoscimento delle associazioni che si auto organizzano per la promozione e la valorizzazione dei cammini, tramite la previsione di un elenco regionale finalizzato ad individuare quei soggetti con cui la Regione potr\u00e0 collaborare al comune intento della promozione di questi itinerari. Mi piace in fine \u00a0evidenziare una differenza col testo in aula. Abbiamo accettato le osservazioni sia tecniche che politiche sul recupero dei manufatti dislocati lungo gli itinerari per un loro utilizzo per l\u2019accoglienza ed il ristoro perch\u00e9 riteniamo che questo debba essere messo sotto il microscopio anche perch\u00e9 vorremmo che queste possibilit\u00e0 vengano gestite dalla legislazione gi\u00e0 in essere. Per questo abbiamo accantonato, momentaneamente, dalla legge questa disciplina, affidandone i contenuti alla proposta di risoluzione con l\u2019impegno del Consiglio alla costituzione di un tavolo tecnico-politico che realizzi gli approfondimenti.<\/span><\/p>\n<p style=\"text-align: justify;\"><span style=\"color: #000000;\">Oggi approviamo \u2013 conclude la vicepresidente \u2013 non solo un\u2019ottima legge condivisa da tutto il consiglio regionale ma un atto di rispetto ai nostri luoghi e alle persone che lo hanno amato e attraversato. Un atto importante per chi vorr\u00e0 continuare ad attraversarlo in futuro con il rispetto e l\u2019amore che il nostro territorio merita, una possibilit\u00e0 di sviluppo sostenibile e armonica per tanti piccoli territori.<\/span><\/p>\n<p>&nbsp;<\/p>\n<p>&nbsp;<\/p>\n<p>&nbsp;<\/p>\n<p>&nbsp;<\/p>\n","protected":false},"excerpt":{"rendered":"<p>Approvata all\u2019unanimit\u00e0 la proposta di legge per il riconoscimento, la valorizzazione e la promozione dei cammini regionali, si avvia a nascere un sistema compiuto di itinerari a mobilit\u00e0 dolce, per vivere luoghi legati da storie e tradizioni documentate, per una valorizzazione di una Toscana pi\u00f9 nascosta, ma non per questo minore. Questa proposta di legge [&hellip;]<\/p>\n","protected":false},"author":1,"featured_media":17215,"comment_status":"closed","ping_status":"closed","sticky":false,"template":"","format":"standard","meta":{"_jetpack_memberships_contains_paid_content":false,"footnotes":""},"categories":[30,633,1],"tags":[1982,1992,1993,1966,1990,1893,1988,1989,1987,1983,36,1985,1984,1981,147,1991,1972,1986,1593],"class_list":{"0":"post-17212","1":"post","2":"type-post","3":"status-publish","4":"format-standard","5":"has-post-thumbnail","7":"category-comunicati-stampa","8":"category-notizie-lucia-de-robertis","9":"category-proposte-di-legge","10":"tag-bici","11":"tag-camminare","12":"tag-camminata","13":"tag-cammini","14":"tag-cammini-di-francesco","15":"tag-ciclismo","16":"tag-francesco-dassisi","17":"tag-francigena","18":"tag-monasteri","19":"tag-slow","20":"tag-toscana","21":"tag-tourism","22":"tag-travel","23":"tag-trekking","24":"tag-turismo","25":"tag-turismo-a-piedi","26":"tag-turismo-lento","27":"tag-turismo-religioso","28":"tag-tuscany","29":"czr-hentry"},"jetpack_featured_media_url":"https:\/\/www.gruppopdregionetoscana.it\/web\/wp-content\/uploads\/2018\/07\/DeRobertisAula-e1530703969593.jpeg","jetpack_sharing_enabled":true,"_links":{"self":[{"href":"https:\/\/www.gruppopdregionetoscana.it\/web\/wp-json\/wp\/v2\/posts\/17212","targetHints":{"allow":["GET"]}}],"collection":[{"href":"https:\/\/www.gruppopdregionetoscana.it\/web\/wp-json\/wp\/v2\/posts"}],"about":[{"href":"https:\/\/www.gruppopdregionetoscana.it\/web\/wp-json\/wp\/v2\/types\/post"}],"author":[{"embeddable":true,"href":"https:\/\/www.gruppopdregionetoscana.it\/web\/wp-json\/wp\/v2\/users\/1"}],"replies":[{"embeddable":true,"href":"https:\/\/www.gruppopdregionetoscana.it\/web\/wp-json\/wp\/v2\/comments?post=17212"}],"version-history":[{"count":0,"href":"https:\/\/www.gruppopdregionetoscana.it\/web\/wp-json\/wp\/v2\/posts\/17212\/revisions"}],"wp:featuredmedia":[{"embeddable":true,"href":"https:\/\/www.gruppopdregionetoscana.it\/web\/wp-json\/wp\/v2\/media\/17215"}],"wp:attachment":[{"href":"https:\/\/www.gruppopdregionetoscana.it\/web\/wp-json\/wp\/v2\/media?parent=17212"}],"wp:term":[{"taxonomy":"category","embeddable":true,"href":"https:\/\/www.gruppopdregionetoscana.it\/web\/wp-json\/wp\/v2\/categories?post=17212"},{"taxonomy":"post_tag","embeddable":true,"href":"https:\/\/www.gruppopdregionetoscana.it\/web\/wp-json\/wp\/v2\/tags?post=17212"}],"curies":[{"name":"wp","href":"https:\/\/api.w.org\/{rel}","templated":true}]}}