{"id":17222,"date":"2018-07-04T13:55:51","date_gmt":"2018-07-04T11:55:51","guid":{"rendered":"http:\/\/www.gruppopdregionetoscana.it\/web\/?p=17222"},"modified":"2018-07-04T13:55:51","modified_gmt":"2018-07-04T11:55:51","slug":"case-popolari-marras-e-scaramelli-pd-regione-al-fianco-di-nardella-nella-battaglia-per-la-legalita","status":"publish","type":"post","link":"https:\/\/www.gruppopdregionetoscana.it\/web\/case-popolari-marras-e-scaramelli-pd-regione-al-fianco-di-nardella-nella-battaglia-per-la-legalita\/","title":{"rendered":"Case popolari, Marras e Scaramelli (Pd Regione) al fianco di Nardella nella battaglia per la legalit\u00e0"},"content":{"rendered":"<p><strong>\u201cTolleranza zero, Revoca degli alloggi ma anche limitazioni di partecipazione ai bandi per chi delinque\u201d<\/strong><\/p>\n<p>Il capogruppo dei democratici ed il presidente della commissione sanit\u00e0 e politiche sociali lavorano a modifiche della nuova legge sull\u2019Erp<\/p>\n<p>\u00abNon vi \u00e8 dubbio che la riforma della legge sull\u2019edilizia residenziale pubblica, attualmente in discussione in commissione, debba prevedere una stretta fortissima sui criteri per l\u2019assegnazione degli alloggi. Il sindaco di Firenze chiede che non vengano assegnate le case popolari a chi delinque e che vi sia la possibilit\u00e0 di toglierle a chi commette reati. Siamo d\u2019accordo e crediamo si possa fare anche di pi\u00f9: bisogner\u00e0 prevedere che non sia permesso partecipare ai bandi per l\u2019assegnazione a chi si \u00e8 macchiato di atti di violenza, prevedere punteggi negativi per i colpevoli di reati contro le persone o le cose. C\u2019\u00e8 anche bisogno di introdurre meccanismi di controllo a tappeto periodici, in grado di stabilire condizioni piene di legalit\u00e0. Le case popolari sono il risultato di uno sforzo importante delle istituzioni che tramite risorse reperite dalla fiscalit\u00e0 generale consente ai pi\u00f9 bisognosi di ricevere un beneficio sociale. Anche per questo ci pare pi\u00f9 che giusto attendersi comportamenti corretti e leciti da parte di chi utilizza questo servizio. Per tutte queste ragioni, lo ribadiamo, siamo al lavoro per cambiare la legge e renderla pi\u00f9 giusta, severa ed efficace anche in relazione alle richieste avanzate dal sindaco Nardella\u00bb.<\/p>\n<p>Lo dicono <strong>Leonardo Marras<\/strong>, capogruppo del Pd in Consiglio regionale e <strong>Stefano Scaramelli<\/strong>, presidente della commissione sanit\u00e0 e politiche sociali, intervenendo sulle dichiarazioni del sindaco di Firenze a seguito degli arresti di questa mattina di cittadini Rom residenti in alloggi Erp.<\/p>\n","protected":false},"excerpt":{"rendered":"<p>\u201cTolleranza zero, Revoca degli alloggi ma anche limitazioni di partecipazione ai bandi per chi delinque\u201d Il capogruppo dei democratici ed il presidente della commissione sanit\u00e0 e politiche sociali lavorano a modifiche della nuova legge sull\u2019Erp \u00abNon vi \u00e8 dubbio che la riforma della legge sull\u2019edilizia residenziale pubblica, attualmente in discussione in commissione, debba prevedere una [&hellip;]<\/p>\n","protected":false},"author":1,"featured_media":17223,"comment_status":"closed","ping_status":"closed","sticky":false,"template":"","format":"standard","meta":{"_jetpack_memberships_contains_paid_content":false,"footnotes":""},"categories":[30,954,971],"tags":[],"class_list":{"0":"post-17222","1":"post","2":"type-post","3":"status-publish","4":"format-standard","5":"has-post-thumbnail","7":"category-comunicati-stampa","8":"category-leonardo-marras","9":"category-stefano-scaramelli","10":"czr-hentry"},"jetpack_featured_media_url":"https:\/\/www.gruppopdregionetoscana.it\/web\/wp-content\/uploads\/2018\/07\/marras-scara.jpg","jetpack_sharing_enabled":true,"_links":{"self":[{"href":"https:\/\/www.gruppopdregionetoscana.it\/web\/wp-json\/wp\/v2\/posts\/17222","targetHints":{"allow":["GET"]}}],"collection":[{"href":"https:\/\/www.gruppopdregionetoscana.it\/web\/wp-json\/wp\/v2\/posts"}],"about":[{"href":"https:\/\/www.gruppopdregionetoscana.it\/web\/wp-json\/wp\/v2\/types\/post"}],"author":[{"embeddable":true,"href":"https:\/\/www.gruppopdregionetoscana.it\/web\/wp-json\/wp\/v2\/users\/1"}],"replies":[{"embeddable":true,"href":"https:\/\/www.gruppopdregionetoscana.it\/web\/wp-json\/wp\/v2\/comments?post=17222"}],"version-history":[{"count":0,"href":"https:\/\/www.gruppopdregionetoscana.it\/web\/wp-json\/wp\/v2\/posts\/17222\/revisions"}],"wp:featuredmedia":[{"embeddable":true,"href":"https:\/\/www.gruppopdregionetoscana.it\/web\/wp-json\/wp\/v2\/media\/17223"}],"wp:attachment":[{"href":"https:\/\/www.gruppopdregionetoscana.it\/web\/wp-json\/wp\/v2\/media?parent=17222"}],"wp:term":[{"taxonomy":"category","embeddable":true,"href":"https:\/\/www.gruppopdregionetoscana.it\/web\/wp-json\/wp\/v2\/categories?post=17222"},{"taxonomy":"post_tag","embeddable":true,"href":"https:\/\/www.gruppopdregionetoscana.it\/web\/wp-json\/wp\/v2\/tags?post=17222"}],"curies":[{"name":"wp","href":"https:\/\/api.w.org\/{rel}","templated":true}]}}