{"id":17225,"date":"2018-07-04T16:11:05","date_gmt":"2018-07-04T14:11:05","guid":{"rendered":"http:\/\/www.gruppopdregionetoscana.it\/web\/?p=17225"},"modified":"2018-07-04T16:11:05","modified_gmt":"2018-07-04T14:11:05","slug":"kme-approvata-mozione-in-consiglio-regionale","status":"publish","type":"post","link":"https:\/\/www.gruppopdregionetoscana.it\/web\/kme-approvata-mozione-in-consiglio-regionale\/","title":{"rendered":"Kme, approvata mozione in Consiglio regionale"},"content":{"rendered":"<p style=\"text-align: center;\"><strong><img loading=\"lazy\" decoding=\"async\" class=\"size-medium wp-image-16987 alignleft\" src=\"http:\/\/www.gruppopdregionetoscana.it\/web\/wp-content\/uploads\/2018\/04\/kme-300x200.jpg\" alt=\"\" width=\"300\" height=\"200\" srcset=\"https:\/\/www.gruppopdregionetoscana.it\/web\/wp-content\/uploads\/2018\/04\/kme-300x200.jpg 300w, https:\/\/www.gruppopdregionetoscana.it\/web\/wp-content\/uploads\/2018\/04\/kme.jpg 720w\" sizes=\"auto, (max-width: 300px) 100vw, 300px\" \/>Baccelli: \u201cVicini ai lavoratori, \u00e8 ora di un piano industriale che tenga insieme ambiente e sviluppo\u201d <\/strong><\/p>\n<p style=\"text-align: center;\"><strong>Giovannetti \u201cUn atto condiviso che prevede impegni precisi per rilancio e tutela territorio\u201d <\/strong><\/p>\n<p style=\"text-align: center;\"><em>\u00a0<\/em><\/p>\n<p style=\"text-align: center;\"><em>Il provvedimento, iniziativa Pd condivisa con S\u00ec Toscana, chiede chiarimenti sul futuro dello stabilimento di Fornaci di Barga: necessario piano industriale che realizzi appieno un\u2019idea di sviluppo sostenibile, secondo i principi dell\u2019economia circolare<\/em><\/p>\n<p>&nbsp;<\/p>\n<p>La formalizzazione di un piano di rilancio industriale dello stabilimento KME di Fornaci di Barga (Lu), in grado di coniugare rilancio produttivo, tenuta occupazionale e miglioramento del saldo emissivo reale in atmosfera. Un percorso pubblico di partecipazione che coinvolga le istituzioni locali, le associazioni, i sindacati, gli esperti e gli abitanti del territorio interessato. Un\u2019indagine epidemiologica sulla Valle del Serchio e la prosecuzione del monitoraggio gi\u00e0 partito della qualit\u00e0 dell\u2019aria, in modo da avere una mappatura delle aree inquinate con la conseguente valutazione del rischio sulla popolazione. Un impegno su questi obiettivi, \u00e8 ci\u00f2 che sollecita alla Giunta la mozione <strong>sul futuro dello stabilimento KME di Fornaci di Barga, <\/strong>approvata oggi con voto unanime dal Consiglio regionale.<\/p>\n<p>&nbsp;<\/p>\n<p>\u201cTorniamo sulla vicenda Kme, centrale per la provincia di Lucca, ora che ci sono due sostanziali novit\u00e0. \u2013 ha illustrato in aula <strong>Stefano Baccelli, <\/strong>consigliere regionale Pd e presidente commissione Ambiente e territorio &#8211; La prima \u00e8 che domani rappresentanti dei lavoratori saranno al Mise per chiedere la proroga degli ammortizzatori sociali. \u00c8 quindi l\u2019occasione per ribadire loro la nostra vicinanza e l\u2019impegno a fare il massimo a sostegno del futuro di questa realt\u00e0 e della tutela dei livelli occupazionali. Altro fatto nuovo e rilevante \u00e8 la delibera di Giunta che a nostro avviso rappresenta un atto di politica industriale doveroso, cos\u00ec com\u2019\u00e8 stato doveroso occuparci in quest\u2019aula di questioni come le acciaierie di Piombino o la Solvay di Rosignano, sempre determinanti per l\u2019economia della nostra regione. \u00c8 importante a questo punto riportare il dibattito su un punto focale: vogliamo un piano industriale serio e sostenibile da un punto di vista ambientale, da discutere in un percorso di confronto e condivisione con la comunit\u00e0 locale. Non crediamo che lavoro e tutela dell\u2019ambiente e della salute dei cittadini siano valori inconciliabili, anzi, vogliamo piuttosto spingere nella direzione di tenere insieme questi obiettivi una volta per tutte. Un piano industriale chiaro dovr\u00e0 quindi essere oggetto delle opportune verifiche di impatto ambientale e sostenibilit\u00e0, a cui affiancare, come proposto dalla Giunta, l\u2019installazione di nuove centraline per la misurazione della qualit\u00e0 dell\u2019aria, uno studio epidemiologico di Arpat e un percorso partecipativo pubblico, peraltro gi\u00e0 avviato dall\u2019amministrazione di Barga. Il paletto dei paletti \u00e8 uno: il saldo emissivo non dovr\u00e0 in alcun modo essere peggiorativo e su questo non ammettiamo equivoci. Esistono soluzioni tecnologiche all\u2019avanguardia, strumenti governativi, da mediare con la regione, come quelli dei cosiddetti, \u2018certificati bianchi\u2019 che consentono la riduzione dei costi energetici, come gi\u00e0 messo in evidenza dal presidente Rossi. Ci sono insomma tutti i presupposti non solo per una continuit\u00e0 industriale di Kme ma per farne un cuore produttivo europeo del rame, ecosostenibile, in grado di tutelare la comunit\u00e0 e generare buona occupazione. Riteniamo davvero sia arrivato il momento perch\u00e9 ci\u00f2 si concretizzi. E, lo voglio sottolineare ancora una volta, con un saldo emissivo reale che non dovr\u00e0 essere in alcun modo peggiorativo\u201d.<\/p>\n<p>&nbsp;<\/p>\n<p>\u201cUn atto fondamentale per il mio territorio, sostenuto da diverse forze politiche: \u00e8 il risultato di un lavoro di condivisione su cui mi sono impegnata in prima persona, consapevole di quanto sia necessario un impegno trasversale, che vada oltre le appartenenze, per un tema sentito e cruciale per la Valle del Serchio e credo davvero per la Toscana tutta . \u2013 ha fatto presente <strong>Ilaria Giovannetti<\/strong>, consigliera regionale Pd \u2013 La mozione mette nero su bianco gli impegni necessari a sostegno di una realt\u00e0 economica propulsiva e a tutela di un territorio da trattare come bene prezioso. Non possiamo prescindere ormai da un piano industriale: un piano per\u00f2 che deve assolutamente contenere garanzie occupazionali e ambientali. Questi sono due punti fondamentali che devono stare assolutamente assieme in un progetto condiviso con la comunit\u00e0, che tuteli la salute dei cittadini e il futuro dei lavoratori Kme. E proprio ai lavoratori vogliamo ribadire la nostra solidariet\u00e0 in questo momento difficile: \u00e8 stato importante discutere questo atto nella seduta di oggi, alla vigilia del loro incontro importante al Mise, per poter in questo modo evidenziare con forza quanto siamo vicini a ci\u00f2 che stanno vivendo e come la nostra attenzione nei loro confronti non debba venir meno\u201d.<\/p>\n","protected":false},"excerpt":{"rendered":"<p>Baccelli: \u201cVicini ai lavoratori, \u00e8 ora di un piano industriale che tenga insieme ambiente e sviluppo\u201d Giovannetti \u201cUn atto condiviso che prevede impegni precisi per rilancio e tutela territorio\u201d \u00a0 Il provvedimento, iniziativa Pd condivisa con S\u00ec Toscana, chiede chiarimenti sul futuro dello stabilimento di Fornaci di Barga: necessario piano industriale che realizzi appieno un\u2019idea [&hellip;]<\/p>\n","protected":false},"author":1,"featured_media":16987,"comment_status":"closed","ping_status":"closed","sticky":false,"template":"","format":"standard","meta":{"_jetpack_memberships_contains_paid_content":false,"footnotes":""},"categories":[30,965,958],"tags":[696,1994,105,241,717],"class_list":{"0":"post-17225","1":"post","2":"type-post","3":"status-publish","4":"format-standard","5":"has-post-thumbnail","7":"category-comunicati-stampa","8":"category-ilaria-giovannetti","9":"category-stefano-baccelli","10":"tag-ambiente","11":"tag-kme","12":"tag-lavoro","13":"tag-lucca","14":"tag-valle-del-serchio","15":"czr-hentry"},"jetpack_featured_media_url":"https:\/\/www.gruppopdregionetoscana.it\/web\/wp-content\/uploads\/2018\/04\/kme.jpg","jetpack_sharing_enabled":true,"_links":{"self":[{"href":"https:\/\/www.gruppopdregionetoscana.it\/web\/wp-json\/wp\/v2\/posts\/17225","targetHints":{"allow":["GET"]}}],"collection":[{"href":"https:\/\/www.gruppopdregionetoscana.it\/web\/wp-json\/wp\/v2\/posts"}],"about":[{"href":"https:\/\/www.gruppopdregionetoscana.it\/web\/wp-json\/wp\/v2\/types\/post"}],"author":[{"embeddable":true,"href":"https:\/\/www.gruppopdregionetoscana.it\/web\/wp-json\/wp\/v2\/users\/1"}],"replies":[{"embeddable":true,"href":"https:\/\/www.gruppopdregionetoscana.it\/web\/wp-json\/wp\/v2\/comments?post=17225"}],"version-history":[{"count":0,"href":"https:\/\/www.gruppopdregionetoscana.it\/web\/wp-json\/wp\/v2\/posts\/17225\/revisions"}],"wp:featuredmedia":[{"embeddable":true,"href":"https:\/\/www.gruppopdregionetoscana.it\/web\/wp-json\/wp\/v2\/media\/16987"}],"wp:attachment":[{"href":"https:\/\/www.gruppopdregionetoscana.it\/web\/wp-json\/wp\/v2\/media?parent=17225"}],"wp:term":[{"taxonomy":"category","embeddable":true,"href":"https:\/\/www.gruppopdregionetoscana.it\/web\/wp-json\/wp\/v2\/categories?post=17225"},{"taxonomy":"post_tag","embeddable":true,"href":"https:\/\/www.gruppopdregionetoscana.it\/web\/wp-json\/wp\/v2\/tags?post=17225"}],"curies":[{"name":"wp","href":"https:\/\/api.w.org\/{rel}","templated":true}]}}