{"id":17404,"date":"2018-08-02T15:47:26","date_gmt":"2018-08-02T13:47:26","guid":{"rendered":"http:\/\/www.gruppopdregionetoscana.it\/web\/?p=17404"},"modified":"2018-08-02T15:47:26","modified_gmt":"2018-08-02T13:47:26","slug":"femminicidio-san-miniato-fondazione-intitolata-a-zini-il-gruppo-pd-porta-il-caso-in-regione","status":"publish","type":"post","link":"https:\/\/www.gruppopdregionetoscana.it\/web\/femminicidio-san-miniato-fondazione-intitolata-a-zini-il-gruppo-pd-porta-il-caso-in-regione\/","title":{"rendered":"Femminicidio, San Miniato, Fondazione intitolata a Zini, Il gruppo Pd porta il caso in Regione"},"content":{"rendered":"<p>Enrico Sostegni presenta una mozione, Alessandra Nardini sostiene la petizione online<\/p>\n<div id=\"attachment_14982\" style=\"width: 228px\" class=\"wp-caption alignleft\"><img loading=\"lazy\" decoding=\"async\" aria-describedby=\"caption-attachment-14982\" class=\" wp-image-14982\" src=\"http:\/\/www.gruppopdregionetoscana.it\/web\/wp-content\/uploads\/2017\/02\/Sostegni-Enrico-300x278.jpg\" alt=\"\" width=\"218\" height=\"202\" srcset=\"https:\/\/www.gruppopdregionetoscana.it\/web\/wp-content\/uploads\/2017\/02\/Sostegni-Enrico-300x278.jpg 300w, https:\/\/www.gruppopdregionetoscana.it\/web\/wp-content\/uploads\/2017\/02\/Sostegni-Enrico-270x250.jpg 270w, https:\/\/www.gruppopdregionetoscana.it\/web\/wp-content\/uploads\/2017\/02\/Sostegni-Enrico.jpg 400w\" sizes=\"auto, (max-width: 218px) 100vw, 218px\" \/><p id=\"caption-attachment-14982\" class=\"wp-caption-text\">il consigliere PD Enrico Sostegni<\/p><\/div>\n<p><img loading=\"lazy\" decoding=\"async\" class=\"alignleft size-medium wp-image-13408\" src=\"http:\/\/www.gruppopdregionetoscana.it\/web\/wp-content\/uploads\/2016\/07\/Alessandra5-300x200.jpg\" alt=\"\" width=\"300\" height=\"200\" srcset=\"https:\/\/www.gruppopdregionetoscana.it\/web\/wp-content\/uploads\/2016\/07\/Alessandra5-300x200.jpg 300w, https:\/\/www.gruppopdregionetoscana.it\/web\/wp-content\/uploads\/2016\/07\/Alessandra5-1024x683.jpg 1024w, https:\/\/www.gruppopdregionetoscana.it\/web\/wp-content\/uploads\/2016\/07\/Alessandra5.jpg 1500w\" sizes=\"auto, (max-width: 300px) 100vw, 300px\" \/>Il caso della fondazione anti-violenza sulle donne intitolata a Federico Zini, il ragazzo di San Miniato che nel maggio scorso ha ucciso l\u2019ex fidanzata Elisa Amato, arriva in Consiglio regionale con una ferma presa di posizione contraria da parte dei consiglieri Pd <strong>Enrico Sostegni<\/strong>, primo firmatario di una mozione sul tema, e di <strong>Alessandra Nardini<\/strong>, che ha sottoscritto la petizione online in cui si chiede di bloccare l\u2019iniziativa.<\/p>\n<p>\u201cEsprimiamo la nostra contrariet\u00e0 a questa decisione \u2013 spiega <strong>Enrico Sostegni<\/strong> \u2013 e chiediamo anche alla Giunta regionale di condannare un\u2019iniziativa che farebbe passare un messaggio distorto e ambiguo: quello per cui il carnefice diventa vittima. La Toscana \u00e8 una regione che fa della lotta alla violenza di genere un punto di forza, fondando le proprie politiche su un approccio che \u00e8 anzitutto culturale e che mette al centro la donna vittima di violenza, senza alcun tipo di distinguo o sfumatura. Ecco perch\u00e9 \u2013 conclude \u2013 riteniamo fondamentale e doveroso disincentivare ogni iniziativa che possa mettere in discussione questa visione\u201d.<\/p>\n<p>\u201cNon ho esitato neanche un minuto quando mi hanno informato della petizione per dire no all\u2019intitolazione della fondazione a Federico Zini: l\u2019ho firmata con convinzione, da donna prima ancora che da rappresentante istituzionale \u2013 spiega <strong>Alessandra Nardini<\/strong> \u2013 Trovo ammirabile l\u2019atteggiamento della famiglia e delle persone vicine a Elisa che dalla notte del terribile omicidio hanno scelto il silenzio quando potevano scagliarsi contro chi l\u2019ha portata via senza un motivo, in preda ad una folle e brutale violenza ingiustificabile. E trovo che in una situazione cos\u00ec assurda e difficile il rispetto del reciproco dolore sia fondamentale. La decisione di intitolare una fondazione che si pone come obiettivo la sensibilizzazione contro la violenza di genere a chi ha scelto di togliere la vita alla ragazza che non lo voleva pi\u00f9 e poi uccidersi a sua volta \u00e8 quanto di pi\u00f9 lontano si possa immaginare da ogni sentimento di rispetto. Per questo dico no. Anche se rispetto il dolore della famiglia Zini, va detto che un assassino non si assolve mascherando la cronaca dei sui gesti con buoni propositi\u201d.<\/p>\n<p>&nbsp;<\/p>\n<p>&nbsp;<\/p>\n<p>&nbsp;<\/p>\n<p>A questo link la petizione: <a href=\"https:\/\/buonacausa.org\/cause\/noazinifondazioneantiviolenza\">https:\/\/buonacausa.org\/cause\/noazinifondazioneantiviolenza<\/a><\/p>\n<p>&nbsp;<\/p>\n<p>&nbsp;<\/p>\n<p>&nbsp;<\/p>\n","protected":false},"excerpt":{"rendered":"<p>Enrico Sostegni presenta una mozione, Alessandra Nardini sostiene la petizione online Il caso della fondazione anti-violenza sulle donne intitolata a Federico Zini, il ragazzo di San Miniato che nel maggio scorso ha ucciso l\u2019ex fidanzata Elisa Amato, arriva in Consiglio regionale con una ferma presa di posizione contraria da parte dei consiglieri Pd Enrico Sostegni, [&hellip;]<\/p>\n","protected":false},"author":1,"featured_media":17405,"comment_status":"closed","ping_status":"closed","sticky":false,"template":"","format":"standard","meta":{"_jetpack_memberships_contains_paid_content":false,"footnotes":""},"categories":[968,30,972],"tags":[],"class_list":{"0":"post-17404","1":"post","2":"type-post","3":"status-publish","4":"format-standard","5":"has-post-thumbnail","7":"category-alessandra-nardini","8":"category-comunicati-stampa","9":"category-enrico-sostegni","10":"czr-hentry"},"jetpack_featured_media_url":"https:\/\/www.gruppopdregionetoscana.it\/web\/wp-content\/uploads\/2018\/08\/scarpe-rosse-femminicidio.jpg","jetpack_sharing_enabled":true,"_links":{"self":[{"href":"https:\/\/www.gruppopdregionetoscana.it\/web\/wp-json\/wp\/v2\/posts\/17404","targetHints":{"allow":["GET"]}}],"collection":[{"href":"https:\/\/www.gruppopdregionetoscana.it\/web\/wp-json\/wp\/v2\/posts"}],"about":[{"href":"https:\/\/www.gruppopdregionetoscana.it\/web\/wp-json\/wp\/v2\/types\/post"}],"author":[{"embeddable":true,"href":"https:\/\/www.gruppopdregionetoscana.it\/web\/wp-json\/wp\/v2\/users\/1"}],"replies":[{"embeddable":true,"href":"https:\/\/www.gruppopdregionetoscana.it\/web\/wp-json\/wp\/v2\/comments?post=17404"}],"version-history":[{"count":0,"href":"https:\/\/www.gruppopdregionetoscana.it\/web\/wp-json\/wp\/v2\/posts\/17404\/revisions"}],"wp:featuredmedia":[{"embeddable":true,"href":"https:\/\/www.gruppopdregionetoscana.it\/web\/wp-json\/wp\/v2\/media\/17405"}],"wp:attachment":[{"href":"https:\/\/www.gruppopdregionetoscana.it\/web\/wp-json\/wp\/v2\/media?parent=17404"}],"wp:term":[{"taxonomy":"category","embeddable":true,"href":"https:\/\/www.gruppopdregionetoscana.it\/web\/wp-json\/wp\/v2\/categories?post=17404"},{"taxonomy":"post_tag","embeddable":true,"href":"https:\/\/www.gruppopdregionetoscana.it\/web\/wp-json\/wp\/v2\/tags?post=17404"}],"curies":[{"name":"wp","href":"https:\/\/api.w.org\/{rel}","templated":true}]}}