{"id":17454,"date":"2018-09-12T12:44:33","date_gmt":"2018-09-12T10:44:33","guid":{"rendered":"http:\/\/www.gruppopdregionetoscana.it\/web\/?p=17454"},"modified":"2018-09-12T12:44:33","modified_gmt":"2018-09-12T10:44:33","slug":"canile-vallin-buio-a-livorno-gazzetti-monni-anselmi-sollecitano-il-comune-nonostante-gli-annunci-la-struttura-non-e-ancora-operativa","status":"publish","type":"post","link":"https:\/\/www.gruppopdregionetoscana.it\/web\/canile-vallin-buio-a-livorno-gazzetti-monni-anselmi-sollecitano-il-comune-nonostante-gli-annunci-la-struttura-non-e-ancora-operativa\/","title":{"rendered":"Canile Vallin Buio a Livorno, Gazzetti, Monni, Anselmi sollecitano il Comune: \u201cNonostante gli annunci la struttura non \u00e8 ancora operativa&#8221;"},"content":{"rendered":"<p><em>Interrogazione a risposta scritta dei consiglieri Pd<\/em><\/p>\n<p><em>\u00a0<\/em>\u201cPerch\u00e8 il canile del Vallin Buio nel Comune di Livorno non \u00e8 ancora operativo?\u201d A chiedere chiarimenti sulla struttura sono i <strong>consiglieri regionali del Pd Francesco Gazzetti, Monia Monni e Gianni Anselmi<\/strong> che hanno depositato sul tema un\u2019interrogazione scritta. Nell\u2019atto si interroga il presidente della Giunta regionale per sapere \u201cse sia a conoscenza della mancata messa in funzione del canile del Vallin Buio e se non ritenga opportuno attivarsi presso il Comune di Livorno sui tempi di apertura della struttura, considerando il contributo regionale elargito per la realizzazione del canile e considerando anche i risultati riscontrati a livello regionale in termini di cani restituiti o assegnati ai richiedenti dove sono operativi i canili sanitari e rifugio\u201d.<\/p>\n<p><strong>Gazzetti, Monni ed Anselmi<\/strong> evidenziano come il Comune di Livorno, nello scorso aprile, abbia annunciato l\u2019intenzione di aprire un bando per la gestione del canile mentre il 9 luglio scorso, la commissione vivibilit\u00e0 urbana, ha annunciato che questa gestione dovr\u00e0 essere completamente pubblica. \u201cOccorre chiarezza &#8211; <strong>sottolineano i tre consiglieri<\/strong> &#8211; e c&#8217;\u00e8 necessit\u00e0 di capire cosa accadr\u00e0 a quella struttura. Il mancato avvio del servizio di gestione, indipendentemente dal soggetto attuatore sia esso pubblico o privato, oltre a gravare sul bilancio comunale in conseguenza dell\u2019affidamento a varie strutture private del servizio di mantenimento e custodia dei cani randagi catturati nel territorio del Comune di Livorno, rende di fatto inutilizzato il contributo regionale erogato nel corso degli anni e finalizzato appunto a realizzare il canile\u201d. Per il progetto la Regione ha infatti dato un contributo di circa 75mila euro. &#8220;L&#8217;attenzione e l&#8217;amore per i nostri piccoli amici a quattro zampe \u2013 <strong>concludono i tre consiglieri<\/strong> &#8211; ci deve spingere a far s\u00ec che non esistano nei nostri territori cani di serie a e cani di serie b. Ecco perch\u00e9 quella struttura deve entrare in funzione presto e bene&#8221;.<\/p>\n<p>foto, fonte Tirreno geolocal<\/p>\n<p><strong>\u00a0<\/strong><\/p>\n","protected":false},"excerpt":{"rendered":"<p>Interrogazione a risposta scritta dei consiglieri Pd \u00a0\u201cPerch\u00e8 il canile del Vallin Buio nel Comune di Livorno non \u00e8 ancora operativo?\u201d A chiedere chiarimenti sulla struttura sono i consiglieri regionali del Pd Francesco Gazzetti, Monia Monni e Gianni Anselmi che hanno depositato sul tema un\u2019interrogazione scritta. Nell\u2019atto si interroga il presidente della Giunta regionale per [&hellip;]<\/p>\n","protected":false},"author":1,"featured_media":17455,"comment_status":"closed","ping_status":"closed","sticky":false,"template":"","format":"standard","meta":{"_jetpack_memberships_contains_paid_content":false,"footnotes":""},"categories":[30,1002,957,955],"tags":[],"class_list":{"0":"post-17454","1":"post","2":"type-post","3":"status-publish","4":"format-standard","5":"has-post-thumbnail","7":"category-comunicati-stampa","8":"category-francesco-gazzetti","9":"category-gianni-anselmi","10":"category-monia-monni","11":"czr-hentry"},"jetpack_featured_media_url":"https:\/\/www.gruppopdregionetoscana.it\/web\/wp-content\/uploads\/2018\/09\/canile.jpg","jetpack_sharing_enabled":true,"_links":{"self":[{"href":"https:\/\/www.gruppopdregionetoscana.it\/web\/wp-json\/wp\/v2\/posts\/17454","targetHints":{"allow":["GET"]}}],"collection":[{"href":"https:\/\/www.gruppopdregionetoscana.it\/web\/wp-json\/wp\/v2\/posts"}],"about":[{"href":"https:\/\/www.gruppopdregionetoscana.it\/web\/wp-json\/wp\/v2\/types\/post"}],"author":[{"embeddable":true,"href":"https:\/\/www.gruppopdregionetoscana.it\/web\/wp-json\/wp\/v2\/users\/1"}],"replies":[{"embeddable":true,"href":"https:\/\/www.gruppopdregionetoscana.it\/web\/wp-json\/wp\/v2\/comments?post=17454"}],"version-history":[{"count":0,"href":"https:\/\/www.gruppopdregionetoscana.it\/web\/wp-json\/wp\/v2\/posts\/17454\/revisions"}],"wp:featuredmedia":[{"embeddable":true,"href":"https:\/\/www.gruppopdregionetoscana.it\/web\/wp-json\/wp\/v2\/media\/17455"}],"wp:attachment":[{"href":"https:\/\/www.gruppopdregionetoscana.it\/web\/wp-json\/wp\/v2\/media?parent=17454"}],"wp:term":[{"taxonomy":"category","embeddable":true,"href":"https:\/\/www.gruppopdregionetoscana.it\/web\/wp-json\/wp\/v2\/categories?post=17454"},{"taxonomy":"post_tag","embeddable":true,"href":"https:\/\/www.gruppopdregionetoscana.it\/web\/wp-json\/wp\/v2\/tags?post=17454"}],"curies":[{"name":"wp","href":"https:\/\/api.w.org\/{rel}","templated":true}]}}