{"id":17473,"date":"2018-09-18T14:26:36","date_gmt":"2018-09-18T12:26:36","guid":{"rendered":"http:\/\/www.gruppopdregionetoscana.it\/web\/?p=17473"},"modified":"2018-09-18T14:26:36","modified_gmt":"2018-09-18T12:26:36","slug":"20-incontri-in-toscana-per-confrontarsi-sulle-priorita-di-fine-mandato","status":"publish","type":"post","link":"https:\/\/www.gruppopdregionetoscana.it\/web\/20-incontri-in-toscana-per-confrontarsi-sulle-priorita-di-fine-mandato\/","title":{"rendered":"20 incontri in Toscana per confrontarsi sulle priorit\u00e0 di fine mandato"},"content":{"rendered":"<p><strong>Parte gioved\u00ec il tour organizzato dai consiglieri Dem insieme agli assessori regionali<\/strong><\/p>\n<p><strong>Marras: \u201cDialogo vero per riannodare le connessioni con i territori\u201d<\/strong><\/p>\n<p><img loading=\"lazy\" decoding=\"async\" class=\"alignleft size-medium wp-image-17314\" src=\"http:\/\/www.gruppopdregionetoscana.it\/web\/wp-content\/uploads\/2018\/07\/Marras-226x300.jpg\" alt=\"\" width=\"226\" height=\"300\" srcset=\"https:\/\/www.gruppopdregionetoscana.it\/web\/wp-content\/uploads\/2018\/07\/Marras-226x300.jpg 226w, https:\/\/www.gruppopdregionetoscana.it\/web\/wp-content\/uploads\/2018\/07\/Marras.jpg 723w\" sizes=\"auto, (max-width: 226px) 100vw, 226px\" \/>Venti incontri in venti citt\u00e0 della Toscana: il gruppo Pd in Regione si confronta con le realt\u00e0 territoriali per condividere e raccogliere critiche e suggerimenti sul documento \u201cPriorit\u00e0 per il rilancio dell\u2019azione del governo regionale\u201d, scaturito alla fine del luglio scorso da un vertice di maggioranza con il presidente Enrico Rossi.<\/p>\n<p>\u00abAvevamo indicato 9 priorit\u00e0, punti di lavoro concreti \u2013 spiega il capogruppo Pd <strong>Leonardo Marras<\/strong> \u2013 anche per uscire dalla retorica del confronto \u201cpoliticista\u201d: ci siamo sforzati di indicare cose da fare e da verificare, per concludere nel modo migliore la legislatura regionale. Su questi punti, decisivi per completare il programma di governo regionale, ci siamo confrontati a Firenze il 24 luglio scorso con i rappresentanti delle categorie economiche e sociali, i sindaci, l\u2019associazionismo ed il volontariato regionale. Ma abbiamo pensato che non fosse sufficiente, che occorresse discutere con l\u2019intera Toscana, rendendo protagonisti i territori di quell\u2019accelerazione che vogliamo produrre nell\u2019azione di governo. Ecco quindi che tutti i consiglieri del gruppo Pd, insieme agli assessori regionali, hanno realizzato un programma di incontri che toccher\u00e0 i maggiori centri della nostra regione, provando a proseguire quel dialogo che abbiamo gi\u00e0 sperimentato nei momenti pi\u00f9 importanti di questa legislatura: dal varo della riforma sanitaria alla nuova legge sul turismo al Programma regionale di sviluppo. Non si tratter\u00e0 di incontri rituali \u2013 precisa Marras \u2013 ma citt\u00e0 per citt\u00e0 cercheremo di mettere a fuoco i punti critici, supportati dal contributo degli assessori, per capire se le priorit\u00e0 che abbiamo indicato rispondano pienamente alle aspettative del tessuto sociale e istituzionale della Toscana dei territori. Anche perch\u00e9 siamo convinti, come abbiamo anche scritto nel nostro documento \u2013 conclude il capogruppo \u2013 che ci sia un grande bisogno di riannodare le connessioni, ritrovare un rapporto pi\u00f9 stretto con la societ\u00e0 toscana e le sue rappresentanze\u00bb.<\/p>\n<p>&nbsp;<\/p>\n<p>Il \u201ctour\u201d del gruppo Pd prender\u00e0 il via gioved\u00ec 20 settembre con gli appuntamenti della Piana Fiorentina (ore 10, <strong>Campi Bisenzio<\/strong>) e di <strong>Pistoia<\/strong> (ore 17).<\/p>\n<p>Seguiranno, nelle settimane successive e fino alla fine di ottobre, le tappe in tutte le province della Toscana.<\/p>\n<p>&nbsp;<\/p>\n<p>&nbsp;<\/p>\n","protected":false},"excerpt":{"rendered":"<p>Parte gioved\u00ec il tour organizzato dai consiglieri Dem insieme agli assessori regionali Marras: \u201cDialogo vero per riannodare le connessioni con i territori\u201d Venti incontri in venti citt\u00e0 della Toscana: il gruppo Pd in Regione si confronta con le realt\u00e0 territoriali per condividere e raccogliere critiche e suggerimenti sul documento \u201cPriorit\u00e0 per il rilancio dell\u2019azione del [&hellip;]<\/p>\n","protected":false},"author":1,"featured_media":14094,"comment_status":"closed","ping_status":"closed","sticky":false,"template":"","format":"standard","meta":{"_jetpack_memberships_contains_paid_content":false,"footnotes":""},"categories":[30,954],"tags":[],"class_list":{"0":"post-17473","1":"post","2":"type-post","3":"status-publish","4":"format-standard","5":"has-post-thumbnail","7":"category-comunicati-stampa","8":"category-leonardo-marras","9":"czr-hentry"},"jetpack_featured_media_url":"https:\/\/www.gruppopdregionetoscana.it\/web\/wp-content\/uploads\/2016\/09\/toscanaparole.jpg","jetpack_sharing_enabled":true,"_links":{"self":[{"href":"https:\/\/www.gruppopdregionetoscana.it\/web\/wp-json\/wp\/v2\/posts\/17473","targetHints":{"allow":["GET"]}}],"collection":[{"href":"https:\/\/www.gruppopdregionetoscana.it\/web\/wp-json\/wp\/v2\/posts"}],"about":[{"href":"https:\/\/www.gruppopdregionetoscana.it\/web\/wp-json\/wp\/v2\/types\/post"}],"author":[{"embeddable":true,"href":"https:\/\/www.gruppopdregionetoscana.it\/web\/wp-json\/wp\/v2\/users\/1"}],"replies":[{"embeddable":true,"href":"https:\/\/www.gruppopdregionetoscana.it\/web\/wp-json\/wp\/v2\/comments?post=17473"}],"version-history":[{"count":0,"href":"https:\/\/www.gruppopdregionetoscana.it\/web\/wp-json\/wp\/v2\/posts\/17473\/revisions"}],"wp:featuredmedia":[{"embeddable":true,"href":"https:\/\/www.gruppopdregionetoscana.it\/web\/wp-json\/wp\/v2\/media\/14094"}],"wp:attachment":[{"href":"https:\/\/www.gruppopdregionetoscana.it\/web\/wp-json\/wp\/v2\/media?parent=17473"}],"wp:term":[{"taxonomy":"category","embeddable":true,"href":"https:\/\/www.gruppopdregionetoscana.it\/web\/wp-json\/wp\/v2\/categories?post=17473"},{"taxonomy":"post_tag","embeddable":true,"href":"https:\/\/www.gruppopdregionetoscana.it\/web\/wp-json\/wp\/v2\/tags?post=17473"}],"curies":[{"name":"wp","href":"https:\/\/api.w.org\/{rel}","templated":true}]}}