{"id":17485,"date":"2018-09-20T18:55:29","date_gmt":"2018-09-20T16:55:29","guid":{"rendered":"http:\/\/www.gruppopdregionetoscana.it\/web\/?p=17485"},"modified":"2018-09-21T10:32:47","modified_gmt":"2018-09-21T08:32:47","slug":"pistoia-priorita-per-il-rilancio-dellazione-del-governo-regionale-al-museo-marini-presentato-il-documento-dal-gruppo-pd-in-consiglio-regionale","status":"publish","type":"post","link":"https:\/\/www.gruppopdregionetoscana.it\/web\/pistoia-priorita-per-il-rilancio-dellazione-del-governo-regionale-al-museo-marini-presentato-il-documento-dal-gruppo-pd-in-consiglio-regionale\/","title":{"rendered":"Pistoia, \u201cPriorit\u00e0 per il rilancio dell\u2019azione del governo regionale\u201d. Al museo Marini presentato il documento dal gruppo Pd in Consiglio regionale"},"content":{"rendered":"<h3>Con Baldi, Niccolai, e Ciuoffo. In serata assemblea al circolo di Bonelle con l&#8217;assessore Fratoni<\/h3>\n<p><strong>Baldi:<\/strong> \u201cMentre la destra anche a Pistoia produce chiacchiere noi siamo al lavoro per migliorare l\u2019azione di governo\u201d<\/p>\n<p><strong>Niccolai:<\/strong> \u201cIl nostro metodo \u00e8 la prossimit\u00e0: vicini alle esigenze dei lavoratori, delle imprese, degli enti locali\u201d<\/p>\n<p>&nbsp;<\/p>\n<p>Pistoia \u00e8 stata oggi la prima tappa del tour che il gruppo Pd in Regione ha promosso per confrontarsi con le realt\u00e0 territoriali toscane, condividere e raccogliere critiche e suggerimenti sul documento <strong>\u201cPriorit\u00e0 per il rilancio dell\u2019azione del governo regionale\u201d<\/strong>, scaturito alla fine del luglio scorso da un vertice di maggioranza con il presidente Enrico Rossi.<\/p>\n<p>Nel pomeriggio, al museo Marino Marini, i consiglieri regionali <strong>Massimo Baldi<\/strong> e <strong>Marco Niccolai<\/strong>, insieme all&#8217;assessore <strong>Stefano Ciuoffo<\/strong>, hanno incontrato i rappresentanti delle categorie economiche e sociali e delle istituzioni locali.<\/p>\n<p>I due consiglieri pistoiesi hanno illustrato il documento che contiene le 9 priorit\u00e0 da affrontare da qui al 2020 per concludere \u201ccon maggiore slancio ed efficacia la fine del mandato regionale\u201d.<\/p>\n<p>\u00abNel luglio scorso \u2013 hanno spiegato <strong>Baldi<\/strong> e <strong>Niccolai<\/strong> \u2013 abbiamo condiviso un documento che indicava le priorit\u00e0 per rilanciare l\u2019azione di governo, 9 punti concreti, cose da fare e verificare. E\u2019 molto importante discutere di quei contenuti con l\u2019intera Toscana, rendendo protagonisti i territori di quell\u2019accelerazione che vogliamo produrre nell\u2019azione di governo: per questo oggi siamo a Pistoia. Si tratta di punti programmatici che descrivono una dimensione regionale ma che, al tempo stesso, sono tutti coniugabili e misurabili con i temi specifici del nostro territorio provinciale\u00bb.<\/p>\n<p>Le priorit\u00e0 individuate per il rilancio dell\u2019azione di governo regionale, infatti, vanno dalla riorganizzazione della Regione sul territorio alla sanit\u00e0, dallo sviluppo economico alle politiche d\u2019inclusione sociale e lavorativa, dal nuovo piano rifiuti alla conferma di completare le grandi opere, dalle politiche agricole alla conferenza regionale sulla caccia, la legge sulla geotermia, l\u2019energia fino all\u2019intensificazione delle azioni della Regione per la sicurezza e contro il degrado nelle citt\u00e0.<\/p>\n<p>\u00abLe destre e i sovranisti che governano in Italia e a Pistoia \u2013 ha detto <strong>Massimo Baldi<\/strong> \u2013 si esibiscono ogni giorno in annunci e chiacchiere improduttive. Sarebbero stati chiamati a risolvere problemi, ma ad oggi non abbiamo notizie di cose concrete realizzate. Noi siamo fatti di un\u2019altra pasta: abbiamo risultati da rivendicare, se c\u2019\u00e8 qualcosa da modificare ne discutiamo pubblicamente e ascoltiamo le parti sociali, gli amministratori, i cittadini per aggiustare il tiro. Questo \u00e8 il senso di questo confronto che, sono certo, porter\u00e0 il contributo fondamentale della realt\u00e0 pistoiese al dibattito regionale, perch\u00e9 nessuno pu\u00f2 fare da solo e solo insieme si possono vincere le sfide del governo toscano\u00bb.<\/p>\n<p>\u00abLa crescita della Toscana \u00a0&#8211; ha detto <strong>Marco Niccolai<\/strong> \u2013 passa dalla valorizzazione delle sue qualit\u00e0 e delle sue attivit\u00e0. In questi anni la Regione ha investito molto su occupazione e imprese: si pensi a GiovaniS\u00ec, ai bandi sull\u2019internazionalizzione e sulle nuove tecnologie, sulla nuova legge sul Turismo, al raddoppio della ferrovia tra Pistoia e Lucca, alla copertura della banda ultra larga che entro il 2020 riguarder\u00e0 tutta la provincia, i progetti speciali sulla sicurezza a Montecatini. Facendo rete e sostenendo questi progetti, con misure concrete come quelle della Giunta regionale, il nostro territorio beneficia di investimenti, sia pubblici che privati, che possono aiutarlo a reagire a questi anni di crisi economica e sociale.\u00a0 In questi giorni siamo intervenuti anche in ambiti non di nostra competenza, come le scuole provinciali che hanno ricevuto 224mila euro di investimenti regionali. Insomma, il nostro metodo \u00e8 la prossimit\u00e0: vicini alle esigenze dei lavoratori, delle imprese, degli enti locali\u00bb.<\/p>\n<p>\u201cLe chiavi per superare la crisi sono formazione e innovazione &#8211; ha detto l&#8217;assessore alle attivit\u00e0 produttive <strong>Stefano Ciuoffo<\/strong> &#8211; La sfida che ci pone l\u2019avvento di una nuova vera e propria quarta rivoluzione industriale come \u00e8 la cosiddetta Impresa4.0 non pu\u00f2 trovare impreparato il nostro tessuto produttivo. Innovazione di prodotto o di processi produttivi, idee e nuovi modi per realizzare o commercializzare i propri prodotti o i propri servizi dovranno essere il cambio di passo nella mentalit\u00e0 di ognuno rispetto alla concorrenza globale. Per questo come Regione stiamo mettendo in campo ogni strumento possibile: dai corsi di formazione per manager o addetti delle aziende, bandi con copiose risorse per microcredito, prestiti o contributi per l\u2019avvio di nuove imprese, proprio oggi ne partono 3 con 39 milioni a disposizione. Abbiamo siglato un importante con Unioncamere per mettere a disposizone sul territorio, oltre che online, servizi per riorientare la propria attivit\u00e0 su questo. Bisogna guardare al futuro e la Regione \u00e8 a fianco dei territori\u201d.<\/p>\n<p>In serata, il confronto del gruppo Pd in Regione si \u00e8 spostato nella sede del circolo Arci di Bonelle, dove era in programma l\u2019incontro con i segretari di circolo e gli amministratori Dem, che ha visto la partecipazione anche dell&#8217;assessore<strong> Federica Fratoni<\/strong>.<\/p>\n","protected":false},"excerpt":{"rendered":"<p>Con Baldi, Niccolai, e Ciuoffo. In serata assemblea al circolo di Bonelle con l&#8217;assessore Fratoni Baldi: \u201cMentre la destra anche a Pistoia produce chiacchiere noi siamo al lavoro per migliorare l\u2019azione di governo\u201d Niccolai: \u201cIl nostro metodo \u00e8 la prossimit\u00e0: vicini alle esigenze dei lavoratori, delle imprese, degli enti locali\u201d &nbsp; Pistoia \u00e8 stata oggi [&hellip;]<\/p>\n","protected":false},"author":1,"featured_media":17487,"comment_status":"closed","ping_status":"closed","sticky":false,"template":"","format":"standard","meta":{"_jetpack_memberships_contains_paid_content":false,"footnotes":""},"categories":[30,969,959],"tags":[],"class_list":{"0":"post-17485","1":"post","2":"type-post","3":"status-publish","4":"format-standard","5":"has-post-thumbnail","7":"category-comunicati-stampa","8":"category-marco-niccolai","9":"category-massimo-baldi","10":"czr-hentry"},"jetpack_featured_media_url":"https:\/\/www.gruppopdregionetoscana.it\/web\/wp-content\/uploads\/2018\/09\/museomarini.jpg","jetpack_sharing_enabled":true,"_links":{"self":[{"href":"https:\/\/www.gruppopdregionetoscana.it\/web\/wp-json\/wp\/v2\/posts\/17485","targetHints":{"allow":["GET"]}}],"collection":[{"href":"https:\/\/www.gruppopdregionetoscana.it\/web\/wp-json\/wp\/v2\/posts"}],"about":[{"href":"https:\/\/www.gruppopdregionetoscana.it\/web\/wp-json\/wp\/v2\/types\/post"}],"author":[{"embeddable":true,"href":"https:\/\/www.gruppopdregionetoscana.it\/web\/wp-json\/wp\/v2\/users\/1"}],"replies":[{"embeddable":true,"href":"https:\/\/www.gruppopdregionetoscana.it\/web\/wp-json\/wp\/v2\/comments?post=17485"}],"version-history":[{"count":0,"href":"https:\/\/www.gruppopdregionetoscana.it\/web\/wp-json\/wp\/v2\/posts\/17485\/revisions"}],"wp:featuredmedia":[{"embeddable":true,"href":"https:\/\/www.gruppopdregionetoscana.it\/web\/wp-json\/wp\/v2\/media\/17487"}],"wp:attachment":[{"href":"https:\/\/www.gruppopdregionetoscana.it\/web\/wp-json\/wp\/v2\/media?parent=17485"}],"wp:term":[{"taxonomy":"category","embeddable":true,"href":"https:\/\/www.gruppopdregionetoscana.it\/web\/wp-json\/wp\/v2\/categories?post=17485"},{"taxonomy":"post_tag","embeddable":true,"href":"https:\/\/www.gruppopdregionetoscana.it\/web\/wp-json\/wp\/v2\/tags?post=17485"}],"curies":[{"name":"wp","href":"https:\/\/api.w.org\/{rel}","templated":true}]}}