{"id":17504,"date":"2018-09-26T14:45:06","date_gmt":"2018-09-26T12:45:06","guid":{"rendered":"http:\/\/www.gruppopdregionetoscana.it\/web\/?p=17504"},"modified":"2018-09-26T14:45:06","modified_gmt":"2018-09-26T12:45:06","slug":"regione-toscana-approvato-def-2019-gli-interventi-di-bambagioni-pieroni-vadi-pd","status":"publish","type":"post","link":"https:\/\/www.gruppopdregionetoscana.it\/web\/regione-toscana-approvato-def-2019-gli-interventi-di-bambagioni-pieroni-vadi-pd\/","title":{"rendered":"Regione Toscana, approvato Def 2019, gli interventi di Bambagioni, Pieroni, Vadi (Pd)"},"content":{"rendered":"<p><em><img loading=\"lazy\" decoding=\"async\" class=\"size-medium wp-image-17367 alignleft\" src=\"http:\/\/www.gruppopdregionetoscana.it\/web\/wp-content\/uploads\/2018\/07\/Bilancio1-300x139.jpg\" alt=\"\" width=\"300\" height=\"139\" srcset=\"https:\/\/www.gruppopdregionetoscana.it\/web\/wp-content\/uploads\/2018\/07\/Bilancio1-300x139.jpg 300w, https:\/\/www.gruppopdregionetoscana.it\/web\/wp-content\/uploads\/2018\/07\/Bilancio1-1024x475.jpg 1024w\" sizes=\"auto, (max-width: 300px) 100vw, 300px\" \/>Gli interventi dei consiglieri Pd durante il dibattito sul Documento di economia e finanza regionale 2019<\/em><\/p>\n<p>&nbsp;<\/p>\n<p>\u201cQuello che emerge \u00e8 sicuramente un quadro finanziario difficile che mette in evidenza la necessit\u00e0 di affrontare su larga scala le difficolt\u00e0 finanziarie perch\u00e9 non ricadano a cascata sugli enti locali. \u2013 ha fatto presente <strong>Paolo Bambagioni<\/strong>, consigliere regionale Pd &#8211; Va ricordato che in Toscana esiste un tessuto di piccole e medie imprese vitale, che si \u00e8 rivelato in grado di controbattere con forza la crisi profonda del sistema e che ha saputo mettersi in gioco nonostante le difficolt\u00e0. \u00c8 anche per venire incontro alle loro esigenze che ci sono impegni indispensabili da perseguire, uno su tutti quello per le infrastrutture, a tutti i livelli, fondamentali per lo sviluppo, perch\u00e9 non \u00e8 il reddito di cittadinanza la risposta alla crisi economica, seppur fondamentale \u00e8 agire in modo incisivo sulla povert\u00e0. Necessario poi evitare ogni taglio lineare e saper qualificare al meglio la spesa pubblica\u201d.<\/p>\n<p>&nbsp;<\/p>\n<p>\u201cIl Defr 2019 \u00e8 un\u2019occasione preziosa in previsione degli atti di bilancio per definire l\u2019attuazione dei programmi e fornire nel contempo nuovi spunti per aggiustamenti o correttivi in modo da elaborare una manovra coerente e cogente con i bisogni dei cittadini toscani.\u00a0 \u2013 ha dichiarato <strong>Andrea Pieroni<\/strong>, consigliere regionale Pd &#8211; In un quadro complesso,\u00a0 con dinamiche internazionali che hanno influito negativamente sulle nostre piccole e medie imprese \u2013 penso al protezionismo di Trump e alle ripercussioni dannose sul fronte dell\u2019export \u2013 ritengo che la Regione in questo modo confermi la rotta giusta gi\u00e0 ben intrapresa dal PRS. Sono ben chiare in questo documento le priorit\u00e0 da aggredire, il lavoro, la difesa del territorio, il contrasto alla povert\u00e0. Come sempre bisogna tener conto delle risorse ragionevolmente disponibili, lo stiamo facendo, a differenza dell\u2019improvvisazione che sta emergendo dal Governo nazionale. La finanza pubblica non si gestisce con i puntini di sospensione \u2013 come quelli sul decreto Genova \u2013 ma con una strategia oculata e efficace. Ad oggi mancano all&#8217;appello 265 milioni di trasferimenti statali, per cui le forze politiche ora al Governo devono assicurare rapidamente quanto necessario per rispondere ai bisogni della Toscana e dei toscani\u201d.<\/p>\n<p>&nbsp;<\/p>\n<p>\u201cPur in un quadro attuale ancora critico e caratterizzato da una ristrettezza di risorse, la Regione Toscana conferma di aver saputo reagire in modo appropriato, con una risposta forte e efficace alle questioni cruciali, distinguendosi positivamente a livello nazionale.\u00a0 \u2013 ha illustrato <strong>Valentina Vadi<\/strong>, consigliera regionale Pd &#8211; In questi anni, dall\u2019inizio della crisi economica, ha infatti saputo mettere in campo interventi strutturali negli ambiti del sociale, delle politiche del lavoro, dell\u2019 istruzione e della formazione professionale, secondo quelli che sono i riferimenti e le scelte politiche di centro sinistra. Anche con il Defr\u00a0 questi impegni vengono confermati, basta ricordare due numeri, i 55 milioni di euro nel progetto sulle Politiche attive del Lavoro e gli 80 milioni in quello sull\u2019Istruzione e la formazione professionale per il 2019. Investimenti significativi che danno la cifra di una linea politica chiara\u201d.<\/p>\n<p>&nbsp;<\/p>\n","protected":false},"excerpt":{"rendered":"<p>Gli interventi dei consiglieri Pd durante il dibattito sul Documento di economia e finanza regionale 2019 &nbsp; \u201cQuello che emerge \u00e8 sicuramente un quadro finanziario difficile che mette in evidenza la necessit\u00e0 di affrontare su larga scala le difficolt\u00e0 finanziarie perch\u00e9 non ricadano a cascata sugli enti locali. \u2013 ha fatto presente Paolo Bambagioni, consigliere [&hellip;]<\/p>\n","protected":false},"author":1,"featured_media":17367,"comment_status":"closed","ping_status":"closed","sticky":false,"template":"","format":"standard","meta":{"_jetpack_memberships_contains_paid_content":false,"footnotes":""},"categories":[970,30,639,974],"tags":[],"class_list":{"0":"post-17504","1":"post","2":"type-post","3":"status-publish","4":"format-standard","5":"has-post-thumbnail","7":"category-andrea-pieroni","8":"category-comunicati-stampa","9":"category-notizie-paolo-bambagioni","10":"category-valentina-vadi","11":"czr-hentry"},"jetpack_featured_media_url":"https:\/\/www.gruppopdregionetoscana.it\/web\/wp-content\/uploads\/2018\/07\/Bilancio1.jpg","jetpack_sharing_enabled":true,"_links":{"self":[{"href":"https:\/\/www.gruppopdregionetoscana.it\/web\/wp-json\/wp\/v2\/posts\/17504","targetHints":{"allow":["GET"]}}],"collection":[{"href":"https:\/\/www.gruppopdregionetoscana.it\/web\/wp-json\/wp\/v2\/posts"}],"about":[{"href":"https:\/\/www.gruppopdregionetoscana.it\/web\/wp-json\/wp\/v2\/types\/post"}],"author":[{"embeddable":true,"href":"https:\/\/www.gruppopdregionetoscana.it\/web\/wp-json\/wp\/v2\/users\/1"}],"replies":[{"embeddable":true,"href":"https:\/\/www.gruppopdregionetoscana.it\/web\/wp-json\/wp\/v2\/comments?post=17504"}],"version-history":[{"count":0,"href":"https:\/\/www.gruppopdregionetoscana.it\/web\/wp-json\/wp\/v2\/posts\/17504\/revisions"}],"wp:featuredmedia":[{"embeddable":true,"href":"https:\/\/www.gruppopdregionetoscana.it\/web\/wp-json\/wp\/v2\/media\/17367"}],"wp:attachment":[{"href":"https:\/\/www.gruppopdregionetoscana.it\/web\/wp-json\/wp\/v2\/media?parent=17504"}],"wp:term":[{"taxonomy":"category","embeddable":true,"href":"https:\/\/www.gruppopdregionetoscana.it\/web\/wp-json\/wp\/v2\/categories?post=17504"},{"taxonomy":"post_tag","embeddable":true,"href":"https:\/\/www.gruppopdregionetoscana.it\/web\/wp-json\/wp\/v2\/tags?post=17504"}],"curies":[{"name":"wp","href":"https:\/\/api.w.org\/{rel}","templated":true}]}}