{"id":17506,"date":"2018-09-26T17:52:39","date_gmt":"2018-09-26T15:52:39","guid":{"rendered":"http:\/\/www.gruppopdregionetoscana.it\/web\/?p=17506"},"modified":"2018-09-26T17:52:39","modified_gmt":"2018-09-26T15:52:39","slug":"nidi-dinfanzia-mazzeo-pd-grazie-alla-giunta-per-la-pronta-risposta-passo-avanti-importante-per-la-prevenzione-di-nuove-tragedie","status":"publish","type":"post","link":"https:\/\/www.gruppopdregionetoscana.it\/web\/nidi-dinfanzia-mazzeo-pd-grazie-alla-giunta-per-la-pronta-risposta-passo-avanti-importante-per-la-prevenzione-di-nuove-tragedie\/","title":{"rendered":"Nidi d\u2019infanzia, Mazzeo (PD): \u201cGrazie alla giunta per la pronta risposta, passo avanti importante per la prevenzione di nuove tragedie\u201d"},"content":{"rendered":"<p><img loading=\"lazy\" decoding=\"async\" class=\"alignleft size-medium wp-image-13416\" src=\"http:\/\/www.gruppopdregionetoscana.it\/web\/wp-content\/uploads\/2016\/07\/Antonio1-200x300.jpg\" alt=\"\" width=\"200\" height=\"300\" srcset=\"https:\/\/www.gruppopdregionetoscana.it\/web\/wp-content\/uploads\/2016\/07\/Antonio1-200x300.jpg 200w, https:\/\/www.gruppopdregionetoscana.it\/web\/wp-content\/uploads\/2016\/07\/Antonio1-683x1024.jpg 683w, https:\/\/www.gruppopdregionetoscana.it\/web\/wp-content\/uploads\/2016\/07\/Antonio1.jpg 1000w\" sizes=\"auto, (max-width: 200px) 100vw, 200px\" \/>\u201cDopo le ultime due tragedie che hanno colpito le famiglie di Gaia e di Giorgia avevo chiesto che la Regione si attivasse subito per poter dare, parallelamente alle iniziative che saranno prese a livello nazionale, un proprio contributo per scongiurare il pi\u00f9 possibile che eventi simili si ripetano ancora. Quello annunciato oggi dall\u2019assessore Grieco rappresenta un primo passo avanti concreto al quale anche noi, come Consiglio Regionale, daremo il nostro contributo: ho gi\u00e0 portato la richiesta in ufficio di presidenza e nelle prossime settimane definiremo le modalit\u00e0 dello stanziamento per cofinanziare il sistema di alert che sar\u00e0 dato in dotazione ai nidi della Regione\u201d.<\/p>\n<p>Cos\u00ec il consigliere regionale PD e segretario dell\u2019ufficio di Presidenza <strong>Antonio Mazzeo<\/strong> commenta il provvedimento approvato in giunta e illustrato questa mattina dall\u2019assessore all\u2019istruzione Cristina Grieco che prevede l\u2019obbligatoriet\u00e0 per tutti i nidi regionali accreditati di dotarsi di una strumentazione in grado di avvisare i genitori dei piccoli alunni in caso di assenze non giustificate.<\/p>\n<p>&#8220;Sono davvero grato all&#8217;assessore Grieco e alla giunta per aver accolto cos\u00ec velocemente la richiesta che avevo avanzato dopo l&#8217;ultima tragedia accaduta a Pisa \u2013 aggiunge Mazzeo \u2013 e mi auguro che altrettanto velocemente saremo in grado di dotare tutte le scuole della fascia 0-3 anni del sistema di allerta. Questa \u00e8 anche una risposta alle stesse famiglie che sono rimaste vittime di queste tragedie. Sono state loro per prime a chiederci di fare qualcosa perch\u00e9 ci\u00f2 che \u00e8 accaduto a loro non debba ripetersi. Sappiamo che tutto questo non potr\u00e0 riportare indietro i loro bambini, ma se riusciremo ad evitare nuove tragedie, che anche se incomprensibili abbiamo purtroppo visto che possono accadere a chiunque, sapremo di aver fatto bene il nostro lavoro\u201d.<\/p>\n","protected":false},"excerpt":{"rendered":"<p>\u201cDopo le ultime due tragedie che hanno colpito le famiglie di Gaia e di Giorgia avevo chiesto che la Regione si attivasse subito per poter dare, parallelamente alle iniziative che saranno prese a livello nazionale, un proprio contributo per scongiurare il pi\u00f9 possibile che eventi simili si ripetano ancora. Quello annunciato oggi dall\u2019assessore Grieco rappresenta [&hellip;]<\/p>\n","protected":false},"author":1,"featured_media":17507,"comment_status":"closed","ping_status":"closed","sticky":false,"template":"","format":"standard","meta":{"_jetpack_memberships_contains_paid_content":false,"footnotes":""},"categories":[966,30],"tags":[],"class_list":{"0":"post-17506","1":"post","2":"type-post","3":"status-publish","4":"format-standard","5":"has-post-thumbnail","7":"category-antonio-mazzeo","8":"category-comunicati-stampa","9":"czr-hentry"},"jetpack_featured_media_url":"https:\/\/www.gruppopdregionetoscana.it\/web\/wp-content\/uploads\/2018\/09\/asilo_nido_giochi_530x400.jpg","jetpack_sharing_enabled":true,"_links":{"self":[{"href":"https:\/\/www.gruppopdregionetoscana.it\/web\/wp-json\/wp\/v2\/posts\/17506","targetHints":{"allow":["GET"]}}],"collection":[{"href":"https:\/\/www.gruppopdregionetoscana.it\/web\/wp-json\/wp\/v2\/posts"}],"about":[{"href":"https:\/\/www.gruppopdregionetoscana.it\/web\/wp-json\/wp\/v2\/types\/post"}],"author":[{"embeddable":true,"href":"https:\/\/www.gruppopdregionetoscana.it\/web\/wp-json\/wp\/v2\/users\/1"}],"replies":[{"embeddable":true,"href":"https:\/\/www.gruppopdregionetoscana.it\/web\/wp-json\/wp\/v2\/comments?post=17506"}],"version-history":[{"count":0,"href":"https:\/\/www.gruppopdregionetoscana.it\/web\/wp-json\/wp\/v2\/posts\/17506\/revisions"}],"wp:featuredmedia":[{"embeddable":true,"href":"https:\/\/www.gruppopdregionetoscana.it\/web\/wp-json\/wp\/v2\/media\/17507"}],"wp:attachment":[{"href":"https:\/\/www.gruppopdregionetoscana.it\/web\/wp-json\/wp\/v2\/media?parent=17506"}],"wp:term":[{"taxonomy":"category","embeddable":true,"href":"https:\/\/www.gruppopdregionetoscana.it\/web\/wp-json\/wp\/v2\/categories?post=17506"},{"taxonomy":"post_tag","embeddable":true,"href":"https:\/\/www.gruppopdregionetoscana.it\/web\/wp-json\/wp\/v2\/tags?post=17506"}],"curies":[{"name":"wp","href":"https:\/\/api.w.org\/{rel}","templated":true}]}}