{"id":17509,"date":"2018-09-26T18:05:34","date_gmt":"2018-09-26T16:05:34","guid":{"rendered":"http:\/\/www.gruppopdregionetoscana.it\/web\/?p=17509"},"modified":"2018-09-26T18:05:34","modified_gmt":"2018-09-26T16:05:34","slug":"violenza-sulle-donne-unanimita-per-la-mozione-pd-mdp-nardini-e-spinelli-istituzioni-siano-esempio-positivo-mai-piu-un-caso-buscemi","status":"publish","type":"post","link":"https:\/\/www.gruppopdregionetoscana.it\/web\/violenza-sulle-donne-unanimita-per-la-mozione-pd-mdp-nardini-e-spinelli-istituzioni-siano-esempio-positivo-mai-piu-un-caso-buscemi\/","title":{"rendered":"Violenza sulle donne, unanimit\u00e0 per la mozione Pd-Mdp. Nardini e Spinelli: \u201cIstituzioni siano esempio positivo, mai pi\u00f9 un caso Buscemi\u201d"},"content":{"rendered":"<p>Approvata all\u2019unanimit\u00e0 dall\u2019aula del Consiglio regionale la mozione che chiede alla giunta un rinnovato impegno per sensibilizzare gli enti locali \u00a0alla promozione di politiche di genere e iniziative di contrasto alla violenza sulle donne; un atto presentato dalla consigliera del Partito Democratico Alessandra Nardini e dalla capogruppo di Mdp Serena Spinelli.<\/p>\n<p><img loading=\"lazy\" decoding=\"async\" class=\"alignleft size-medium wp-image-17510\" src=\"http:\/\/www.gruppopdregionetoscana.it\/web\/wp-content\/uploads\/2018\/09\/spinelli_nardini-153x300.jpg\" alt=\"\" width=\"153\" height=\"300\" srcset=\"https:\/\/www.gruppopdregionetoscana.it\/web\/wp-content\/uploads\/2018\/09\/spinelli_nardini-153x300.jpg 153w, https:\/\/www.gruppopdregionetoscana.it\/web\/wp-content\/uploads\/2018\/09\/spinelli_nardini-522x1024.jpg 522w, https:\/\/www.gruppopdregionetoscana.it\/web\/wp-content\/uploads\/2018\/09\/spinelli_nardini.jpg 815w\" sizes=\"auto, (max-width: 153px) 100vw, 153px\" \/>\u201cDal Consiglio Regionale, ancora una volta, diamo un segnale importante contro la violenza sulle donne. Con questa mozione vogliamo riportare l\u2019attenzione su un fenomeno che dev\u2019essere combattuto incessantemente promuovendo azioni a tutti i livelli istituzionali. Ci appelliamo alla Giunta regionale affinch\u00e9 valori come il contrasto alla violenza di genere e la promozione della cultura delle pari opportunit\u00e0 siano rispettati da tutti, soprattutto da coloro che ricoprono incarichi politico-amministrativi.\u00a0Allo stesso tempo \u00e8 fondamentale\u00a0 continuare con progetti di formazione\/sensibilizzazione rivolti alle scuole finalizzati al superamento degli stereotipi di genere e alla cultura dei diritti e delle pari opportunit\u00e0, cos\u00ec come sancito nello Statuto regionale e nei provvedimenti legislativi in materia; e perch\u00e9 cos\u00ec si previene e si combatte il fenomeno non regalando lo spray al peperoncino!\u201d. Cos\u00ec <strong>Alessandra Nardini<\/strong>, consigliera regionale Pd, e <strong>Serena Spinelli<\/strong>, capogruppo Mdp, presentando la mozione poi approvata dall\u2019aula.<\/p>\n<p>\u201cQuesta mozione nasce dalla volont\u00e0 di raccogliere l\u2019appello lanciato dalla Casa della donna di Pisa che, insieme a tutti i centri antiviolenza ringrazio per il lavoro costante che portano avanti per il quale meriterebbero il rispetto di tutti i rappresentanti istituzionali, e dal contributo di Articolo Uno Mdp Pisa che proposto un\u2019analoga mozione raccolta poi dal gruppo consiliare del Pd. L\u2019obiettivo \u00e8 quello di favorire e sostenere il contrasto alla violenza di genere in particolar modo negli enti locali, dove i rappresentanti delle istituzioni svolgono un ruolo di raccordo imprescindibile con le comunit\u00e0 \u2013 continua Nardini \u2013.\u00a0 Il caso che ha scatenato tale mobilitazione \u00e8 noto, la nomina di Andrea Buscemi ad assessore alla cultura del Comune di Pisa; scelta su cui pi\u00f9 volte abbiamo espresso la nostra preoccupazione e il nostro disappunto. Per questo, abbiamo sentito la necessit\u00e0 di chiedere alla Giunta regionale uno sforzo per ribadire l\u2019azione sinergica con le istituzioni locali a contrasto della violenza sulle donne in tutte le sue forme. Ringrazio tutte le colleghe e i colleghi consiglieri che hanno votato a favore della mozione; abbiamo dato un segnale forte e chiaro: no alla violenza di genere, s\u00ec al rispetto a partire da e soprattutto nelle istituzioni\u201d.<\/p>\n<p>L\u2019ultimo rapporto sulla violenza di genere in Toscana dice che dal 2009 al 2017 sono circa 19mila le donne che si sono rivolte, per la prima volta, a un centro antiviolenza; 3000 solo nell\u2019ultimo anno.<\/p>\n<p>&#8220;La prevenzione della violenza di genere passa dalla cultura e dal rispetto del ruolo delle donne nella societ\u00e0, dall&#8217;abbattimento degli stereotipi di genere e le Istituzioni devono essere il primo luogo in cui tutto questo deve essere rappresentato&#8221; &#8211; dichiara la capogruppo Art.1 Mdp Serena Spinelli &#8211; &#8220;Nei primi sei mesi del 2018 sono state 44 le donne uccise per atti di femminicidio e sono solo la punta di un iceberg di violenza fisica e psicologica nei confronti della donne. Pieno sostegno, quindi, all&#8217;azione della Casa delle Donne di Pisa che in questi mesi sta tenendo alta l&#8217;attenzione su una vicenda che riguarda tutte e tutti. E grazie anche ai compagni di Articolo Uno Mdp di Pisa per la mozione che hanno proposto a tutti i consiglieri comunali e che anche in Consiglio regionale \u00e8 stata raccolta.&#8221;<\/p>\n","protected":false},"excerpt":{"rendered":"<p>Approvata all\u2019unanimit\u00e0 dall\u2019aula del Consiglio regionale la mozione che chiede alla giunta un rinnovato impegno per sensibilizzare gli enti locali \u00a0alla promozione di politiche di genere e iniziative di contrasto alla violenza sulle donne; un atto presentato dalla consigliera del Partito Democratico Alessandra Nardini e dalla capogruppo di Mdp Serena Spinelli. \u201cDal Consiglio Regionale, ancora [&hellip;]<\/p>\n","protected":false},"author":1,"featured_media":17511,"comment_status":"closed","ping_status":"closed","sticky":false,"template":"","format":"standard","meta":{"_jetpack_memberships_contains_paid_content":false,"footnotes":""},"categories":[968,30],"tags":[],"class_list":{"0":"post-17509","1":"post","2":"type-post","3":"status-publish","4":"format-standard","5":"has-post-thumbnail","7":"category-alessandra-nardini","8":"category-comunicati-stampa","9":"czr-hentry"},"jetpack_featured_media_url":"https:\/\/www.gruppopdregionetoscana.it\/web\/wp-content\/uploads\/2018\/09\/giornata-contro-violenza-sulle-donne-orig-1440x564_c.jpeg","jetpack_sharing_enabled":true,"_links":{"self":[{"href":"https:\/\/www.gruppopdregionetoscana.it\/web\/wp-json\/wp\/v2\/posts\/17509","targetHints":{"allow":["GET"]}}],"collection":[{"href":"https:\/\/www.gruppopdregionetoscana.it\/web\/wp-json\/wp\/v2\/posts"}],"about":[{"href":"https:\/\/www.gruppopdregionetoscana.it\/web\/wp-json\/wp\/v2\/types\/post"}],"author":[{"embeddable":true,"href":"https:\/\/www.gruppopdregionetoscana.it\/web\/wp-json\/wp\/v2\/users\/1"}],"replies":[{"embeddable":true,"href":"https:\/\/www.gruppopdregionetoscana.it\/web\/wp-json\/wp\/v2\/comments?post=17509"}],"version-history":[{"count":0,"href":"https:\/\/www.gruppopdregionetoscana.it\/web\/wp-json\/wp\/v2\/posts\/17509\/revisions"}],"wp:featuredmedia":[{"embeddable":true,"href":"https:\/\/www.gruppopdregionetoscana.it\/web\/wp-json\/wp\/v2\/media\/17511"}],"wp:attachment":[{"href":"https:\/\/www.gruppopdregionetoscana.it\/web\/wp-json\/wp\/v2\/media?parent=17509"}],"wp:term":[{"taxonomy":"category","embeddable":true,"href":"https:\/\/www.gruppopdregionetoscana.it\/web\/wp-json\/wp\/v2\/categories?post=17509"},{"taxonomy":"post_tag","embeddable":true,"href":"https:\/\/www.gruppopdregionetoscana.it\/web\/wp-json\/wp\/v2\/tags?post=17509"}],"curies":[{"name":"wp","href":"https:\/\/api.w.org\/{rel}","templated":true}]}}